{"id":6677,"date":"2025-07-04T10:25:00","date_gmt":"2025-07-04T08:25:00","guid":{"rendered":"https:\/\/www.humanizacjamedycyny.pl\/?p=6677"},"modified":"2025-12-15T21:43:44","modified_gmt":"2025-12-15T20:43:44","slug":"pacjent-z-niepelnosprawnoscia-intelektualna-jak-rozpoznac-potrzeby-i-nie-oceniac","status":"publish","type":"post","link":"https:\/\/www.humanizacjamedycyny.pl\/en\/6677\/pacjent-z-niepelnosprawnoscia-intelektualna-jak-rozpoznac-potrzeby-i-nie-oceniac\/","title":{"rendered":"Pacjent z niepe\u0142nosprawno\u015bci\u0105 intelektualn\u0105 \u2013 jak rozpozna\u0107 potrzeby i nie ocenia\u0107?"},"content":{"rendered":"<p>Pacjenci z niepe\u0142nosprawno\u015bci\u0105 intelektualn\u0105 to grupa, kt\u00f3ra szczeg\u00f3lnie potrzebuje zrozumienia, uwa\u017cno\u015bci i indywidualnego podej\u015bcia. Cho\u0107 ich potrzeby zdrowotne s\u0105 cz\u0119sto takie same jak u innych os\u00f3b, spos\u00f3b komunikacji, organizacja wizyty czy otoczenie mog\u0105 zadecydowa\u0107 o tym, czy leczenie b\u0119dzie skuteczne i godne.<\/p>\n\n\n\n<h2 class=\"wp-block-heading\"><strong>Niepe\u0142nosprawno\u015b\u0107 intelektualna<\/strong><\/h2>\n\n\n\n<p>Niepe\u0142nosprawno\u015b\u0107 intelektualna to zaburzenie neurorozwojowe, kt\u00f3re objawia si\u0119 znacznymobni\u017ceniem funkcjonowania intelektualnego (w tym poziomu IQ poni\u017cej 70) oraz trudno\u015bciami w przystosowaniu si\u0119 do codziennego \u017cycia. Kluczowe jest to, \u017ce objawy musz\u0105 ujawni\u0107 si\u0119 przed 18. rokiem \u017cycia. Zaburzenia te dotycz\u0105 wielu obszar\u00f3w \u2013 komunikacji, samoobs\u0142ugi, relacji spo\u0142ecznych, uczenia si\u0119 czy organizowania czasu wolnego.<\/p>\n\n\n\n<p>W zale\u017cno\u015bci od poziomu nasilenia, wyr\u00f3\u017cnia si\u0119 cztery stopnie niepe\u0142nosprawno\u015bci intelektualnej:<\/p>\n\n\n\n<ul class=\"wp-block-list\">\n<li>lekka \u2013 wi\u0119kszo\u015b\u0107 os\u00f3b w tym zakresie potrafi funkcjonowa\u0107 samodzielnie przy wsparciu,<\/li>\n\n\n\n<li>umiarkowana \u2013 wymaga wi\u0119kszego wsparcia w codziennym \u017cyciu i edukacji,<\/li>\n\n\n\n<li>znaczna \u2013 funkcjonowanie wymaga sta\u0142ej pomocy i nadzoru,<\/li>\n\n\n\n<li>g\u0142\u0119boka \u2013 osoba najcz\u0119\u015bciej wymaga pe\u0142nego wsparcia w ka\u017cdej sferze \u017cycia.<\/li>\n<\/ul>\n\n\n\n<p>Niepe\u0142nosprawno\u015b\u0107 intelektualna jest cz\u0119sto mylona z chorobami psychicznymi, cho\u0107 s\u0105 to zupe\u0142nie r\u00f3\u017cne poj\u0119cia. Mo\u017ce wsp\u00f3\u0142istnie\u0107 z innymi zaburzeniami \u2013 np. ze spektrum autyzmu, z zespo\u0142ami genetycznymi (jak Downa czy Pradera-Williego) czy z wadami rozwojowymi.<\/p>\n\n\n\n<p>Wa\u017cnym aspektem jest r\u00f3wnie\u017c j\u0119zyk, jakiego u\u017cywamy. W Polsce do niedawna stosowano termin \u201eupo\u015bledzenie umys\u0142owe\u201d, dzi\u015b m\u00f3wi si\u0119 ju\u017c o niepe\u0142nosprawno\u015bci intelektualnej \u2013 to nie tylko zmiana terminologii, ale tak\u017ce pr\u00f3ba odej\u015bcia od stygmatyzacji i uprzedze\u0144. Wci\u0105\u017c jednak wiele stereotyp\u00f3w funkcjonuje w przestrzeni spo\u0142ecznej, w tym tak\u017ce w s\u0142u\u017cbie zdrowia.<\/p>\n\n\n\n<h2 class=\"wp-block-heading\"><strong>Stereotypy i realne potrzeby<\/strong><\/h2>\n\n\n\n<p>W systemie ochrony zdrowia osoby z niepe\u0142nosprawno\u015bci\u0105 intelektualn\u0105 s\u0105 cz\u0119sto,&nbsp;nies\u0142usznie&nbsp; okre\u015blane jako \u201etrudni pacjenci\u201d. Zdarza si\u0119, \u017ce postrzega si\u0119 ich przez pryzmat ogranicze\u0144, a nie mo\u017cliwo\u015bci. Tymczasem wi\u0119kszo\u015b\u0107 zachowa\u0144, kt\u00f3re budz\u0105 l\u0119k lub frustracj\u0119 w\u015br\u00f3d personelu medycznego, wynika z niezrozumienia potrzeb pacjenta i braku adekwatnych strategii komunikacyjnych.<\/p>\n\n\n\n<p>Osoba z niepe\u0142nosprawno\u015bci\u0105 intelektualn\u0105 mo\u017ce:<\/p>\n\n\n\n<ul class=\"wp-block-list\">\n<li>mie\u0107 trudno\u015b\u0107 w rozumieniu polece\u0144, kt\u00f3re dla innych s\u0105 oczywiste,<\/li>\n\n\n\n<li>potrzebowa\u0107 wi\u0119cej czasu na odpowied\u017a lub wykonanie zadania,<\/li>\n\n\n\n<li>reagowa\u0107 emocjonalnie na stres (krzyk, p\u0142acz, unikanie kontaktu),<\/li>\n\n\n\n<li>przejawia\u0107 l\u0119k wobec bia\u0142ego fartucha czy nieznanych procedur.<\/li>\n<\/ul>\n\n\n\n<p>To nie oznacza braku zdolno\u015bci do wsp\u00f3\u0142pracy, tylko konieczno\u015b\u0107 zastosowania prostego, przewidywalnego i spokojnego podej\u015bcia. W rzeczywisto\u015bci to system cz\u0119sto nie jest dostosowany do tych pacjent\u00f3w \u2013 brak jest piktogram\u00f3w, materia\u0142\u00f3w informacyjnych w wersji \u0142atwej do czytania (ETR), wyd\u0142u\u017conego czasu wizyty czy specjalistycznego wsparcia.<\/p>\n\n\n\n<p>Cz\u0119stym b\u0142\u0119dem jest tak\u017ce traktowanie osoby z niepe\u0142nosprawno\u015bci\u0105 intelektualn\u0105 jako \u201eniewiedz\u0105cej\u201d, \u201edziecka w ciele doros\u0142ego\u201d lub osoby, z kt\u00f3r\u0105 nie warto rozmawia\u0107 bezpo\u015brednio. To dehumanizuj\u0105ce i odbieraj\u0105ce godno\u015b\u0107. Osoba z niepe\u0142nosprawno\u015bci\u0105 ma prawo wiedzie\u0107, co si\u0119 z ni\u0105 dzieje, wyra\u017ca\u0107 swoje emocje, zadawa\u0107 pytania \u2013 nawet je\u015bli robi to w inny spos\u00f3b ni\u017c wi\u0119kszo\u015b\u0107 pacjent\u00f3w.<\/p>\n\n\n\n<p>Kluczowe s\u0105 tu:<\/p>\n\n\n\n<ul class=\"wp-block-list\">\n<li>spokojny ton g\u0142osu, proste zdania i komunikaty jednoznaczne (\u201eZa chwil\u0119 zrobi\u0119 zastrzyk\u201d zamiast \u201eZaraz si\u0119 tym zajmiemy\u201d),<\/li>\n\n\n\n<li>kontakt wzrokowy i skierowanie wypowiedzi do pacjenta, nie tylko do opiekuna,<\/li>\n\n\n\n<li>empatia i cierpliwo\u015b\u0107 \u2013 nawet je\u015bli rozmowa trwa d\u0142u\u017cej lub wymaga powt\u00f3rzenia.<\/li>\n<\/ul>\n\n\n\n<h2 class=\"wp-block-heading\"><strong>Medyk wobec osoby z niepe\u0142nosprawno\u015bci\u0105 intelektualn\u0105<\/strong><\/h2>\n\n\n\n<p>W kontakcie z osob\u0105 z niepe\u0142nosprawno\u015bci\u0105 intelektualn\u0105 kluczowe jest m\u00f3wienie prostym, zrozumia\u0142ym j\u0119zykiem, bez po\u015bpiechu i z cierpliwo\u015bci\u0105. Warto zwraca\u0107 si\u0119 bezpo\u015brednio do pacjenta, nie pomija\u0107 go w rozmowie i nie zak\u0142ada\u0107 z g\u00f3ry, \u017ce \u201ei tak nic nie zrozumie\u201d. Nawet je\u015bli odpowiedzi udziela opiekun, szacunek dla podmiotowo\u015bci pacjenta powinien pozosta\u0107 niezmienny. Osoby z niepe\u0142nosprawno\u015bci\u0105 intelektualn\u0105 cz\u0119sto czuj\u0105 si\u0119 zagubione w systemie zdrowia \u2013 empatyczne podej\u015bcie mo\u017ce zbudowa\u0107 zaufanie i zmniejszy\u0107 napi\u0119cie.<\/p>\n\n\n\n<p>Unika\u0107 nale\u017cy tonu wy\u017cszo\u015bci, zniecierpliwienia i ignorowania emocji. Przed ka\u017cd\u0105 czynno\u015bci\u0105 dobrze jest kr\u00f3tko wyja\u015bni\u0107, co si\u0119 b\u0119dzie dzia\u0142o i upewni\u0107 si\u0119, \u017ce pacjent czuje si\u0119 bezpiecznie. Dobr\u0105 praktyk\u0105 jest tak\u017ce zachowanie sta\u0142o\u015bci \u2013 ten sam lekarz, podobne procedury, znana przestrze\u0144 \u2013 to czynniki, kt\u00f3re sprzyjaj\u0105 poczuciu bezpiecze\u0144stwa. Takie drobne gesty mog\u0105 realnie zmniejszy\u0107 stres i u\u0142atwi\u0107 wsp\u00f3\u0142prac\u0119 \u2013 a to fundament skutecznego leczenia.<\/p>","protected":false},"excerpt":{"rendered":"<p>Pacjenci z niepe\u0142nosprawno\u015bci\u0105 intelektualn\u0105 to grupa, kt\u00f3ra szczeg\u00f3lnie potrzebuje zrozumienia, uwa\u017cno\u015bci i indywidualnego podej\u015bcia. Cho\u0107 ich potrzeby zdrowotne s\u0105 cz\u0119sto takie same jak u innych os\u00f3b, spos\u00f3b komunikacji, organizacja wizyty czy otoczenie mog\u0105 zadecydowa\u0107 o tym, czy leczenie b\u0119dzie skuteczne i godne. Niepe\u0142nosprawno\u015b\u0107 intelektualna Niepe\u0142nosprawno\u015b\u0107 intelektualna to zaburzenie neurorozwojowe, kt\u00f3re objawia si\u0119 znacznymobni\u017ceniem funkcjonowania intelektualnego [&hellip;]<\/p>\n","protected":false},"author":4,"featured_media":6678,"comment_status":"closed","ping_status":"closed","sticky":false,"template":"","format":"standard","meta":{"_et_pb_use_builder":"off","_et_pb_old_content":"","_et_gb_content_width":"","inline_featured_image":false,"footnotes":""},"categories":[1],"tags":[],"class_list":["post-6677","post","type-post","status-publish","format-standard","has-post-thumbnail","hentry","category-aktualnosci"],"yoast_head":"<!-- This site is optimized with the Yoast SEO plugin v27.5 - https:\/\/yoast.com\/product\/yoast-seo-wordpress\/ -->\n<title>Pacjent z niepe\u0142nosprawno\u015bci\u0105 intelektualn\u0105 \u2013 jak rozpozna\u0107 potrzeby i nie ocenia\u0107? - Humanizacja medycyny<\/title>\n<meta name=\"description\" content=\"Pacjenci z niepe\u0142nosprawno\u015bci\u0105 intelektualn\u0105 potrzebuj\u0105 empatii i jasnej komunikacji. Sprawd\u017a, jak dostosowa\u0107 wizyt\u0119 i leczenie do ich potrzeb.\" \/>\n<meta name=\"robots\" content=\"index, follow, max-snippet:-1, max-image-preview:large, max-video-preview:-1\" \/>\n<link rel=\"canonical\" href=\"https:\/\/www.humanizacjamedycyny.pl\/en\/6677\/pacjent-z-niepelnosprawnoscia-intelektualna-jak-rozpoznac-potrzeby-i-nie-oceniac\/\" \/>\n<meta property=\"og:locale\" content=\"en_GB\" \/>\n<meta property=\"og:type\" content=\"article\" \/>\n<meta property=\"og:title\" content=\"Pacjent z niepe\u0142nosprawno\u015bci\u0105 intelektualn\u0105 \u2013 jak rozpozna\u0107 potrzeby i nie ocenia\u0107? - Humanizacja medycyny\" \/>\n<meta property=\"og:description\" content=\"Pacjenci z niepe\u0142nosprawno\u015bci\u0105 intelektualn\u0105 potrzebuj\u0105 empatii i jasnej komunikacji. Sprawd\u017a, jak dostosowa\u0107 wizyt\u0119 i leczenie do ich potrzeb.\" \/>\n<meta property=\"og:url\" content=\"https:\/\/www.humanizacjamedycyny.pl\/en\/6677\/pacjent-z-niepelnosprawnoscia-intelektualna-jak-rozpoznac-potrzeby-i-nie-oceniac\/\" \/>\n<meta property=\"og:site_name\" content=\"Humanizacja medycyny\" \/>\n<meta property=\"article:publisher\" content=\"https:\/\/www.facebook.com\/humanizacjamedycyny\" \/>\n<meta property=\"article:published_time\" content=\"2025-07-04T08:25:00+00:00\" \/>\n<meta property=\"article:modified_time\" content=\"2025-12-15T20:43:44+00:00\" \/>\n<meta property=\"og:image\" content=\"https:\/\/www.humanizacjamedycyny.pl\/wp-content\/uploads\/2025\/12\/pacjent-z-niepelnosprawnoscia-intelektualna.webp\" \/>\n\t<meta property=\"og:image:width\" content=\"2000\" \/>\n\t<meta property=\"og:image:height\" content=\"1335\" \/>\n\t<meta property=\"og:image:type\" content=\"image\/webp\" \/>\n<meta name=\"author\" content=\"Patryk Tupacz\" \/>\n<meta name=\"twitter:card\" content=\"summary_large_image\" \/>\n<script type=\"application\/ld+json\" class=\"yoast-schema-graph\">{\"@context\":\"https:\\\/\\\/schema.org\",\"@graph\":[{\"@type\":\"Article\",\"@id\":\"https:\\\/\\\/www.humanizacjamedycyny.pl\\\/6677\\\/pacjent-z-niepelnosprawnoscia-intelektualna-jak-rozpoznac-potrzeby-i-nie-oceniac\\\/#article\",\"isPartOf\":{\"@id\":\"https:\\\/\\\/www.humanizacjamedycyny.pl\\\/6677\\\/pacjent-z-niepelnosprawnoscia-intelektualna-jak-rozpoznac-potrzeby-i-nie-oceniac\\\/\"},\"author\":{\"name\":\"Patryk Tupacz\",\"@id\":\"https:\\\/\\\/www.humanizacjamedycyny.pl\\\/#\\\/schema\\\/person\\\/ae6957800f1b9559f817157bb8a0c801\"},\"headline\":\"Pacjent z niepe\u0142nosprawno\u015bci\u0105 intelektualn\u0105 \u2013 jak rozpozna\u0107 potrzeby i nie ocenia\u0107?\",\"datePublished\":\"2025-07-04T08:25:00+00:00\",\"dateModified\":\"2025-12-15T20:43:44+00:00\",\"mainEntityOfPage\":{\"@id\":\"https:\\\/\\\/www.humanizacjamedycyny.pl\\\/6677\\\/pacjent-z-niepelnosprawnoscia-intelektualna-jak-rozpoznac-potrzeby-i-nie-oceniac\\\/\"},\"wordCount\":754,\"image\":{\"@id\":\"https:\\\/\\\/www.humanizacjamedycyny.pl\\\/6677\\\/pacjent-z-niepelnosprawnoscia-intelektualna-jak-rozpoznac-potrzeby-i-nie-oceniac\\\/#primaryimage\"},\"thumbnailUrl\":\"https:\\\/\\\/www.humanizacjamedycyny.pl\\\/wp-content\\\/uploads\\\/2025\\\/12\\\/pacjent-z-niepelnosprawnoscia-intelektualna.webp\",\"articleSection\":[\"Aktualno\u015bci\"],\"inLanguage\":\"en-GB\"},{\"@type\":\"WebPage\",\"@id\":\"https:\\\/\\\/www.humanizacjamedycyny.pl\\\/6677\\\/pacjent-z-niepelnosprawnoscia-intelektualna-jak-rozpoznac-potrzeby-i-nie-oceniac\\\/\",\"url\":\"https:\\\/\\\/www.humanizacjamedycyny.pl\\\/6677\\\/pacjent-z-niepelnosprawnoscia-intelektualna-jak-rozpoznac-potrzeby-i-nie-oceniac\\\/\",\"name\":\"Pacjent z niepe\u0142nosprawno\u015bci\u0105 intelektualn\u0105 \u2013 jak rozpozna\u0107 potrzeby i nie ocenia\u0107? - Humanizacja medycyny\",\"isPartOf\":{\"@id\":\"https:\\\/\\\/www.humanizacjamedycyny.pl\\\/#website\"},\"primaryImageOfPage\":{\"@id\":\"https:\\\/\\\/www.humanizacjamedycyny.pl\\\/6677\\\/pacjent-z-niepelnosprawnoscia-intelektualna-jak-rozpoznac-potrzeby-i-nie-oceniac\\\/#primaryimage\"},\"image\":{\"@id\":\"https:\\\/\\\/www.humanizacjamedycyny.pl\\\/6677\\\/pacjent-z-niepelnosprawnoscia-intelektualna-jak-rozpoznac-potrzeby-i-nie-oceniac\\\/#primaryimage\"},\"thumbnailUrl\":\"https:\\\/\\\/www.humanizacjamedycyny.pl\\\/wp-content\\\/uploads\\\/2025\\\/12\\\/pacjent-z-niepelnosprawnoscia-intelektualna.webp\",\"datePublished\":\"2025-07-04T08:25:00+00:00\",\"dateModified\":\"2025-12-15T20:43:44+00:00\",\"author\":{\"@id\":\"https:\\\/\\\/www.humanizacjamedycyny.pl\\\/#\\\/schema\\\/person\\\/ae6957800f1b9559f817157bb8a0c801\"},\"description\":\"Pacjenci z niepe\u0142nosprawno\u015bci\u0105 intelektualn\u0105 potrzebuj\u0105 empatii i jasnej komunikacji. Sprawd\u017a, jak dostosowa\u0107 wizyt\u0119 i leczenie do ich potrzeb.\",\"breadcrumb\":{\"@id\":\"https:\\\/\\\/www.humanizacjamedycyny.pl\\\/6677\\\/pacjent-z-niepelnosprawnoscia-intelektualna-jak-rozpoznac-potrzeby-i-nie-oceniac\\\/#breadcrumb\"},\"inLanguage\":\"en-GB\",\"potentialAction\":[{\"@type\":\"ReadAction\",\"target\":[\"https:\\\/\\\/www.humanizacjamedycyny.pl\\\/6677\\\/pacjent-z-niepelnosprawnoscia-intelektualna-jak-rozpoznac-potrzeby-i-nie-oceniac\\\/\"]}]},{\"@type\":\"ImageObject\",\"inLanguage\":\"en-GB\",\"@id\":\"https:\\\/\\\/www.humanizacjamedycyny.pl\\\/6677\\\/pacjent-z-niepelnosprawnoscia-intelektualna-jak-rozpoznac-potrzeby-i-nie-oceniac\\\/#primaryimage\",\"url\":\"https:\\\/\\\/www.humanizacjamedycyny.pl\\\/wp-content\\\/uploads\\\/2025\\\/12\\\/pacjent-z-niepelnosprawnoscia-intelektualna.webp\",\"contentUrl\":\"https:\\\/\\\/www.humanizacjamedycyny.pl\\\/wp-content\\\/uploads\\\/2025\\\/12\\\/pacjent-z-niepelnosprawnoscia-intelektualna.webp\",\"width\":2000,\"height\":1335,\"caption\":\"Pacjent z niepe\u0142nosprawno\u015bci\u0105 intelektualn\u0105 \u2013 jak rozpozna\u0107 potrzeby i nie ocenia\u0107?\"},{\"@type\":\"BreadcrumbList\",\"@id\":\"https:\\\/\\\/www.humanizacjamedycyny.pl\\\/6677\\\/pacjent-z-niepelnosprawnoscia-intelektualna-jak-rozpoznac-potrzeby-i-nie-oceniac\\\/#breadcrumb\",\"itemListElement\":[{\"@type\":\"ListItem\",\"position\":1,\"name\":\"Strona g\u0142\u00f3wna\",\"item\":\"https:\\\/\\\/www.humanizacjamedycyny.pl\\\/\"},{\"@type\":\"ListItem\",\"position\":2,\"name\":\"Aktualno\u015bci\",\"item\":\"https:\\\/\\\/www.humanizacjamedycyny.pl\\\/kategoria\\\/aktualnosci\\\/\"},{\"@type\":\"ListItem\",\"position\":3,\"name\":\"Pacjent z niepe\u0142nosprawno\u015bci\u0105 intelektualn\u0105 \u2013 jak rozpozna\u0107 potrzeby i nie ocenia\u0107?\"}]},{\"@type\":\"WebSite\",\"@id\":\"https:\\\/\\\/www.humanizacjamedycyny.pl\\\/#website\",\"url\":\"https:\\\/\\\/www.humanizacjamedycyny.pl\\\/\",\"name\":\"Humanizacja medycyny\",\"description\":\"Deficytem w medycynie w Polsce nadal pozostaje wykorzystanie potencja\u0142u nauk humanistycznych.\",\"potentialAction\":[{\"@type\":\"SearchAction\",\"target\":{\"@type\":\"EntryPoint\",\"urlTemplate\":\"https:\\\/\\\/www.humanizacjamedycyny.pl\\\/?s={search_term_string}\"},\"query-input\":{\"@type\":\"PropertyValueSpecification\",\"valueRequired\":true,\"valueName\":\"search_term_string\"}}],\"inLanguage\":\"en-GB\"},{\"@type\":\"Person\",\"@id\":\"https:\\\/\\\/www.humanizacjamedycyny.pl\\\/#\\\/schema\\\/person\\\/ae6957800f1b9559f817157bb8a0c801\",\"name\":\"Patryk Tupacz\",\"image\":{\"@type\":\"ImageObject\",\"inLanguage\":\"en-GB\",\"@id\":\"https:\\\/\\\/secure.gravatar.com\\\/avatar\\\/e20ba472a237a06bf6aaac6c0e6f6c592f7c3d79025ab1af1d34f3e508bbe587?s=96&d=mm&r=g\",\"url\":\"https:\\\/\\\/secure.gravatar.com\\\/avatar\\\/e20ba472a237a06bf6aaac6c0e6f6c592f7c3d79025ab1af1d34f3e508bbe587?s=96&d=mm&r=g\",\"contentUrl\":\"https:\\\/\\\/secure.gravatar.com\\\/avatar\\\/e20ba472a237a06bf6aaac6c0e6f6c592f7c3d79025ab1af1d34f3e508bbe587?s=96&d=mm&r=g\",\"caption\":\"Patryk Tupacz\"}}]}<\/script>\n<!-- \/ Yoast SEO plugin. -->","yoast_head_json":{"title":"Pacjent z niepe\u0142nosprawno\u015bci\u0105 intelektualn\u0105 \u2013 jak rozpozna\u0107 potrzeby i nie ocenia\u0107? - Humanizacja medycyny","description":"Pacjenci z niepe\u0142nosprawno\u015bci\u0105 intelektualn\u0105 potrzebuj\u0105 empatii i jasnej komunikacji. Sprawd\u017a, jak dostosowa\u0107 wizyt\u0119 i leczenie do ich potrzeb.","robots":{"index":"index","follow":"follow","max-snippet":"max-snippet:-1","max-image-preview":"max-image-preview:large","max-video-preview":"max-video-preview:-1"},"canonical":"https:\/\/www.humanizacjamedycyny.pl\/en\/6677\/pacjent-z-niepelnosprawnoscia-intelektualna-jak-rozpoznac-potrzeby-i-nie-oceniac\/","og_locale":"en_GB","og_type":"article","og_title":"Pacjent z niepe\u0142nosprawno\u015bci\u0105 intelektualn\u0105 \u2013 jak rozpozna\u0107 potrzeby i nie ocenia\u0107? - Humanizacja medycyny","og_description":"Pacjenci z niepe\u0142nosprawno\u015bci\u0105 intelektualn\u0105 potrzebuj\u0105 empatii i jasnej komunikacji. Sprawd\u017a, jak dostosowa\u0107 wizyt\u0119 i leczenie do ich potrzeb.","og_url":"https:\/\/www.humanizacjamedycyny.pl\/en\/6677\/pacjent-z-niepelnosprawnoscia-intelektualna-jak-rozpoznac-potrzeby-i-nie-oceniac\/","og_site_name":"Humanizacja medycyny","article_publisher":"https:\/\/www.facebook.com\/humanizacjamedycyny","article_published_time":"2025-07-04T08:25:00+00:00","article_modified_time":"2025-12-15T20:43:44+00:00","og_image":[{"width":2000,"height":1335,"url":"https:\/\/www.humanizacjamedycyny.pl\/wp-content\/uploads\/2025\/12\/pacjent-z-niepelnosprawnoscia-intelektualna.webp","type":"image\/webp"}],"author":"Patryk Tupacz","twitter_card":"summary_large_image","schema":{"@context":"https:\/\/schema.org","@graph":[{"@type":"Article","@id":"https:\/\/www.humanizacjamedycyny.pl\/6677\/pacjent-z-niepelnosprawnoscia-intelektualna-jak-rozpoznac-potrzeby-i-nie-oceniac\/#article","isPartOf":{"@id":"https:\/\/www.humanizacjamedycyny.pl\/6677\/pacjent-z-niepelnosprawnoscia-intelektualna-jak-rozpoznac-potrzeby-i-nie-oceniac\/"},"author":{"name":"Patryk Tupacz","@id":"https:\/\/www.humanizacjamedycyny.pl\/#\/schema\/person\/ae6957800f1b9559f817157bb8a0c801"},"headline":"Pacjent z niepe\u0142nosprawno\u015bci\u0105 intelektualn\u0105 \u2013 jak rozpozna\u0107 potrzeby i nie ocenia\u0107?","datePublished":"2025-07-04T08:25:00+00:00","dateModified":"2025-12-15T20:43:44+00:00","mainEntityOfPage":{"@id":"https:\/\/www.humanizacjamedycyny.pl\/6677\/pacjent-z-niepelnosprawnoscia-intelektualna-jak-rozpoznac-potrzeby-i-nie-oceniac\/"},"wordCount":754,"image":{"@id":"https:\/\/www.humanizacjamedycyny.pl\/6677\/pacjent-z-niepelnosprawnoscia-intelektualna-jak-rozpoznac-potrzeby-i-nie-oceniac\/#primaryimage"},"thumbnailUrl":"https:\/\/www.humanizacjamedycyny.pl\/wp-content\/uploads\/2025\/12\/pacjent-z-niepelnosprawnoscia-intelektualna.webp","articleSection":["Aktualno\u015bci"],"inLanguage":"en-GB"},{"@type":"WebPage","@id":"https:\/\/www.humanizacjamedycyny.pl\/6677\/pacjent-z-niepelnosprawnoscia-intelektualna-jak-rozpoznac-potrzeby-i-nie-oceniac\/","url":"https:\/\/www.humanizacjamedycyny.pl\/6677\/pacjent-z-niepelnosprawnoscia-intelektualna-jak-rozpoznac-potrzeby-i-nie-oceniac\/","name":"Pacjent z niepe\u0142nosprawno\u015bci\u0105 intelektualn\u0105 \u2013 jak rozpozna\u0107 potrzeby i nie ocenia\u0107? - Humanizacja medycyny","isPartOf":{"@id":"https:\/\/www.humanizacjamedycyny.pl\/#website"},"primaryImageOfPage":{"@id":"https:\/\/www.humanizacjamedycyny.pl\/6677\/pacjent-z-niepelnosprawnoscia-intelektualna-jak-rozpoznac-potrzeby-i-nie-oceniac\/#primaryimage"},"image":{"@id":"https:\/\/www.humanizacjamedycyny.pl\/6677\/pacjent-z-niepelnosprawnoscia-intelektualna-jak-rozpoznac-potrzeby-i-nie-oceniac\/#primaryimage"},"thumbnailUrl":"https:\/\/www.humanizacjamedycyny.pl\/wp-content\/uploads\/2025\/12\/pacjent-z-niepelnosprawnoscia-intelektualna.webp","datePublished":"2025-07-04T08:25:00+00:00","dateModified":"2025-12-15T20:43:44+00:00","author":{"@id":"https:\/\/www.humanizacjamedycyny.pl\/#\/schema\/person\/ae6957800f1b9559f817157bb8a0c801"},"description":"Pacjenci z niepe\u0142nosprawno\u015bci\u0105 intelektualn\u0105 potrzebuj\u0105 empatii i jasnej komunikacji. Sprawd\u017a, jak dostosowa\u0107 wizyt\u0119 i leczenie do ich potrzeb.","breadcrumb":{"@id":"https:\/\/www.humanizacjamedycyny.pl\/6677\/pacjent-z-niepelnosprawnoscia-intelektualna-jak-rozpoznac-potrzeby-i-nie-oceniac\/#breadcrumb"},"inLanguage":"en-GB","potentialAction":[{"@type":"ReadAction","target":["https:\/\/www.humanizacjamedycyny.pl\/6677\/pacjent-z-niepelnosprawnoscia-intelektualna-jak-rozpoznac-potrzeby-i-nie-oceniac\/"]}]},{"@type":"ImageObject","inLanguage":"en-GB","@id":"https:\/\/www.humanizacjamedycyny.pl\/6677\/pacjent-z-niepelnosprawnoscia-intelektualna-jak-rozpoznac-potrzeby-i-nie-oceniac\/#primaryimage","url":"https:\/\/www.humanizacjamedycyny.pl\/wp-content\/uploads\/2025\/12\/pacjent-z-niepelnosprawnoscia-intelektualna.webp","contentUrl":"https:\/\/www.humanizacjamedycyny.pl\/wp-content\/uploads\/2025\/12\/pacjent-z-niepelnosprawnoscia-intelektualna.webp","width":2000,"height":1335,"caption":"Pacjent z niepe\u0142nosprawno\u015bci\u0105 intelektualn\u0105 \u2013 jak rozpozna\u0107 potrzeby i nie ocenia\u0107?"},{"@type":"BreadcrumbList","@id":"https:\/\/www.humanizacjamedycyny.pl\/6677\/pacjent-z-niepelnosprawnoscia-intelektualna-jak-rozpoznac-potrzeby-i-nie-oceniac\/#breadcrumb","itemListElement":[{"@type":"ListItem","position":1,"name":"Strona g\u0142\u00f3wna","item":"https:\/\/www.humanizacjamedycyny.pl\/"},{"@type":"ListItem","position":2,"name":"Aktualno\u015bci","item":"https:\/\/www.humanizacjamedycyny.pl\/kategoria\/aktualnosci\/"},{"@type":"ListItem","position":3,"name":"Pacjent z niepe\u0142nosprawno\u015bci\u0105 intelektualn\u0105 \u2013 jak rozpozna\u0107 potrzeby i nie ocenia\u0107?"}]},{"@type":"WebSite","@id":"https:\/\/www.humanizacjamedycyny.pl\/#website","url":"https:\/\/www.humanizacjamedycyny.pl\/","name":"Humanisation of medicine","description":"A deficit in medicine in Poland is still the exploitation of the potential of the humanities.","potentialAction":[{"@type":"SearchAction","target":{"@type":"EntryPoint","urlTemplate":"https:\/\/www.humanizacjamedycyny.pl\/?s={search_term_string}"},"query-input":{"@type":"PropertyValueSpecification","valueRequired":true,"valueName":"search_term_string"}}],"inLanguage":"en-GB"},{"@type":"Person","@id":"https:\/\/www.humanizacjamedycyny.pl\/#\/schema\/person\/ae6957800f1b9559f817157bb8a0c801","name":"Patryk Tupacz","image":{"@type":"ImageObject","inLanguage":"en-GB","@id":"https:\/\/secure.gravatar.com\/avatar\/e20ba472a237a06bf6aaac6c0e6f6c592f7c3d79025ab1af1d34f3e508bbe587?s=96&d=mm&r=g","url":"https:\/\/secure.gravatar.com\/avatar\/e20ba472a237a06bf6aaac6c0e6f6c592f7c3d79025ab1af1d34f3e508bbe587?s=96&d=mm&r=g","contentUrl":"https:\/\/secure.gravatar.com\/avatar\/e20ba472a237a06bf6aaac6c0e6f6c592f7c3d79025ab1af1d34f3e508bbe587?s=96&d=mm&r=g","caption":"Patryk Tupacz"}}]}},"_links":{"self":[{"href":"https:\/\/www.humanizacjamedycyny.pl\/en\/wp-json\/wp\/v2\/posts\/6677","targetHints":{"allow":["GET"]}}],"collection":[{"href":"https:\/\/www.humanizacjamedycyny.pl\/en\/wp-json\/wp\/v2\/posts"}],"about":[{"href":"https:\/\/www.humanizacjamedycyny.pl\/en\/wp-json\/wp\/v2\/types\/post"}],"author":[{"embeddable":true,"href":"https:\/\/www.humanizacjamedycyny.pl\/en\/wp-json\/wp\/v2\/users\/4"}],"replies":[{"embeddable":true,"href":"https:\/\/www.humanizacjamedycyny.pl\/en\/wp-json\/wp\/v2\/comments?post=6677"}],"version-history":[{"count":1,"href":"https:\/\/www.humanizacjamedycyny.pl\/en\/wp-json\/wp\/v2\/posts\/6677\/revisions"}],"predecessor-version":[{"id":6679,"href":"https:\/\/www.humanizacjamedycyny.pl\/en\/wp-json\/wp\/v2\/posts\/6677\/revisions\/6679"}],"wp:featuredmedia":[{"embeddable":true,"href":"https:\/\/www.humanizacjamedycyny.pl\/en\/wp-json\/wp\/v2\/media\/6678"}],"wp:attachment":[{"href":"https:\/\/www.humanizacjamedycyny.pl\/en\/wp-json\/wp\/v2\/media?parent=6677"}],"wp:term":[{"taxonomy":"category","embeddable":true,"href":"https:\/\/www.humanizacjamedycyny.pl\/en\/wp-json\/wp\/v2\/categories?post=6677"},{"taxonomy":"post_tag","embeddable":true,"href":"https:\/\/www.humanizacjamedycyny.pl\/en\/wp-json\/wp\/v2\/tags?post=6677"}],"curies":[{"name":"wp","href":"https:\/\/api.w.org\/{rel}","templated":true}]}}