{"id":4864,"date":"2022-12-19T20:25:01","date_gmt":"2022-12-19T19:25:01","guid":{"rendered":"https:\/\/humanizacjamedycyny.webprev.net\/?p=4864"},"modified":"2022-12-19T20:25:03","modified_gmt":"2022-12-19T19:25:03","slug":"human-rights-in-bioethics-theoretical-and-applied","status":"publish","type":"post","link":"https:\/\/www.humanizacjamedycyny.pl\/en\/4864\/human-rights-in-bioethics-theoretical-and-applied\/","title":{"rendered":"Human Rights in Bioethics-Theoretical and Applied"},"content":{"rendered":"<p>This special issue of Human Rights in Bioethics contains four inspiring articles that raise important issues in the ongoing debate on human rights in bioethics. For example, Baranzke takes a close look at the history of the concept of the sanctity of life and concludes that it should not be seen as a 'vague property of physical life', but rather viewed as a particular 'mode of action '. Cochrane examines some important recent attempts to apply insights from bioethics to the theory and practice of human rights; Ram-Tiktin suggests seeing the right to health care as a right to basic human functional capacity within a framework of distributive justice in health care; and finally, Schroeder forcefully demonstrates that a human rights approach should not rely on human dignity as its foundation. It is safe to say that these and related issues are on the threshold of current research and will certainly deepen and strengthen the discussion. In the following chapters, the introduction first provides a brief overview of some important issues in the philosophy of human rights. The second part addresses the key question of why human rights are important to the discourses of the<\/p>\n\n\n\n<p>248<\/p>\n\n\n\n<p><a><\/a>bioethics. The third part briefly discusses two recent approaches to the concept of human rights and dignity, i.e. Arras and Fenton's institutional approach to human rights and Beyleveld and Brownsword's agency-based approach to dignity. The fourth part highlights some important points of the articles, indicating their relevance for human rights in bioethics. The introduction concludes with some concluding remarks.<\/p>\n\n\n\n<figure class=\"wp-block-embed\"><div class=\"wp-block-embed__wrapper\">\nhttps:\/\/www.tandfonline.com\/doi\/pdf\/10.1080\/03605310590960193\n<\/div><\/figure>","protected":false},"excerpt":{"rendered":"<p>To specjalne wydanie \u201ePrawa cz\u0142owieka w bioetyce\u201d zawiera cztery inspiruj\u0105ce artyku\u0142y, kt\u00f3re poruszaj\u0105 wa\u017cne kwestie w tocz\u0105cej si\u0119 obecnie debacie na temat praw cz\u0142owieka w dziedzinie bioetyki. Na przyk\u0142ad Baranzke zajmuje si\u0119 dok\u0142adnym zbadaniem historii poj\u0119cia \u015bwi\u0119to\u015bci \u017cycia i dochodzi do wniosku, \u017ce nie nale\u017cy postrzega\u0107 go jako \u201eniejasnej w\u0142a\u015bciwo\u015bci \u017cycia fizycznego\u201d, ale raczej postrzega\u0107 [&hellip;]<\/p>\n","protected":false},"author":5,"featured_media":0,"comment_status":"closed","ping_status":"closed","sticky":false,"template":"","format":"standard","meta":{"_et_pb_use_builder":"off","_et_pb_old_content":"","_et_gb_content_width":"","inline_featured_image":false,"footnotes":""},"categories":[34],"tags":[],"class_list":["post-4864","post","type-post","status-publish","format-standard","hentry","category-publikacje-zagraniczne"],"yoast_head":"<!-- This site is optimized with the Yoast SEO plugin v27.5 - https:\/\/yoast.com\/product\/yoast-seo-wordpress\/ -->\n<title>Human Rights in Bioethics\u2013Theoretical and Applied - Humanizacja medycyny<\/title>\n<meta name=\"robots\" content=\"index, follow, max-snippet:-1, max-image-preview:large, max-video-preview:-1\" \/>\n<link rel=\"canonical\" href=\"https:\/\/www.humanizacjamedycyny.pl\/en\/4864\/human-rights-in-bioethics-theoretical-and-applied\/\" \/>\n<meta property=\"og:locale\" content=\"en_GB\" \/>\n<meta property=\"og:type\" content=\"article\" \/>\n<meta property=\"og:title\" content=\"Human Rights in Bioethics\u2013Theoretical and Applied - Humanizacja medycyny\" \/>\n<meta property=\"og:description\" content=\"To specjalne wydanie \u201ePrawa cz\u0142owieka w bioetyce\u201d zawiera cztery inspiruj\u0105ce artyku\u0142y, kt\u00f3re poruszaj\u0105 wa\u017cne kwestie w tocz\u0105cej si\u0119 obecnie debacie na temat praw cz\u0142owieka w dziedzinie bioetyki. Na przyk\u0142ad Baranzke zajmuje si\u0119 dok\u0142adnym zbadaniem historii poj\u0119cia \u015bwi\u0119to\u015bci \u017cycia i dochodzi do wniosku, \u017ce nie nale\u017cy postrzega\u0107 go jako \u201eniejasnej w\u0142a\u015bciwo\u015bci \u017cycia fizycznego\u201d, ale raczej postrzega\u0107 [&hellip;]\" \/>\n<meta property=\"og:url\" content=\"https:\/\/www.humanizacjamedycyny.pl\/en\/4864\/human-rights-in-bioethics-theoretical-and-applied\/\" \/>\n<meta property=\"og:site_name\" content=\"Humanizacja medycyny\" \/>\n<meta property=\"article:publisher\" content=\"https:\/\/www.facebook.com\/humanizacjamedycyny\" \/>\n<meta property=\"article:published_time\" content=\"2022-12-19T19:25:01+00:00\" \/>\n<meta property=\"article:modified_time\" content=\"2022-12-19T19:25:03+00:00\" \/>\n<meta property=\"og:image\" content=\"https:\/\/www.humanizacjamedycyny.pl\/wp-content\/uploads\/2022\/12\/og-image.jpg\" \/>\n\t<meta property=\"og:image:width\" content=\"1200\" \/>\n\t<meta property=\"og:image:height\" content=\"627\" \/>\n\t<meta property=\"og:image:type\" content=\"image\/jpeg\" \/>\n<meta name=\"author\" content=\"webprev\" \/>\n<meta name=\"twitter:card\" content=\"summary_large_image\" \/>\n<script type=\"application\/ld+json\" class=\"yoast-schema-graph\">{\"@context\":\"https:\\\/\\\/schema.org\",\"@graph\":[{\"@type\":\"Article\",\"@id\":\"https:\\\/\\\/www.humanizacjamedycyny.pl\\\/4864\\\/human-rights-in-bioethics-theoretical-and-applied\\\/#article\",\"isPartOf\":{\"@id\":\"https:\\\/\\\/www.humanizacjamedycyny.pl\\\/4864\\\/human-rights-in-bioethics-theoretical-and-applied\\\/\"},\"author\":{\"name\":\"webprev\",\"@id\":\"https:\\\/\\\/www.humanizacjamedycyny.pl\\\/#\\\/schema\\\/person\\\/1963541e246d34db3802362a26b6190b\"},\"headline\":\"Human Rights in Bioethics\u2013Theoretical and Applied\",\"datePublished\":\"2022-12-19T19:25:01+00:00\",\"dateModified\":\"2022-12-19T19:25:03+00:00\",\"mainEntityOfPage\":{\"@id\":\"https:\\\/\\\/www.humanizacjamedycyny.pl\\\/4864\\\/human-rights-in-bioethics-theoretical-and-applied\\\/\"},\"wordCount\":301,\"articleSection\":[\"Publikacje zagraniczne\"],\"inLanguage\":\"en-GB\"},{\"@type\":\"WebPage\",\"@id\":\"https:\\\/\\\/www.humanizacjamedycyny.pl\\\/4864\\\/human-rights-in-bioethics-theoretical-and-applied\\\/\",\"url\":\"https:\\\/\\\/www.humanizacjamedycyny.pl\\\/4864\\\/human-rights-in-bioethics-theoretical-and-applied\\\/\",\"name\":\"Human Rights in Bioethics\u2013Theoretical and Applied - Humanizacja medycyny\",\"isPartOf\":{\"@id\":\"https:\\\/\\\/www.humanizacjamedycyny.pl\\\/#website\"},\"datePublished\":\"2022-12-19T19:25:01+00:00\",\"dateModified\":\"2022-12-19T19:25:03+00:00\",\"author\":{\"@id\":\"https:\\\/\\\/www.humanizacjamedycyny.pl\\\/#\\\/schema\\\/person\\\/1963541e246d34db3802362a26b6190b\"},\"breadcrumb\":{\"@id\":\"https:\\\/\\\/www.humanizacjamedycyny.pl\\\/4864\\\/human-rights-in-bioethics-theoretical-and-applied\\\/#breadcrumb\"},\"inLanguage\":\"en-GB\",\"potentialAction\":[{\"@type\":\"ReadAction\",\"target\":[\"https:\\\/\\\/www.humanizacjamedycyny.pl\\\/4864\\\/human-rights-in-bioethics-theoretical-and-applied\\\/\"]}]},{\"@type\":\"BreadcrumbList\",\"@id\":\"https:\\\/\\\/www.humanizacjamedycyny.pl\\\/4864\\\/human-rights-in-bioethics-theoretical-and-applied\\\/#breadcrumb\",\"itemListElement\":[{\"@type\":\"ListItem\",\"position\":1,\"name\":\"Strona g\u0142\u00f3wna\",\"item\":\"https:\\\/\\\/www.humanizacjamedycyny.pl\\\/\"},{\"@type\":\"ListItem\",\"position\":2,\"name\":\"Publikacje\",\"item\":\"https:\\\/\\\/www.humanizacjamedycyny.pl\\\/kategoria\\\/publikacje\\\/\"},{\"@type\":\"ListItem\",\"position\":3,\"name\":\"Publikacje zagraniczne\",\"item\":\"https:\\\/\\\/www.humanizacjamedycyny.pl\\\/baza-wiedzy\\\/publikacje-zagraniczne\\\/\"},{\"@type\":\"ListItem\",\"position\":4,\"name\":\"Human Rights in Bioethics\u2013Theoretical and Applied\"}]},{\"@type\":\"WebSite\",\"@id\":\"https:\\\/\\\/www.humanizacjamedycyny.pl\\\/#website\",\"url\":\"https:\\\/\\\/www.humanizacjamedycyny.pl\\\/\",\"name\":\"Humanizacja medycyny\",\"description\":\"Deficytem w medycynie w Polsce nadal pozostaje wykorzystanie potencja\u0142u nauk humanistycznych.\",\"potentialAction\":[{\"@type\":\"SearchAction\",\"target\":{\"@type\":\"EntryPoint\",\"urlTemplate\":\"https:\\\/\\\/www.humanizacjamedycyny.pl\\\/?s={search_term_string}\"},\"query-input\":{\"@type\":\"PropertyValueSpecification\",\"valueRequired\":true,\"valueName\":\"search_term_string\"}}],\"inLanguage\":\"en-GB\"},{\"@type\":\"Person\",\"@id\":\"https:\\\/\\\/www.humanizacjamedycyny.pl\\\/#\\\/schema\\\/person\\\/1963541e246d34db3802362a26b6190b\",\"name\":\"webprev\",\"image\":{\"@type\":\"ImageObject\",\"inLanguage\":\"en-GB\",\"@id\":\"https:\\\/\\\/secure.gravatar.com\\\/avatar\\\/580dc211148900de6ad27cd8c35051d57b181020dae89fc9a0e73513a5d50147?s=96&d=mm&r=g\",\"url\":\"https:\\\/\\\/secure.gravatar.com\\\/avatar\\\/580dc211148900de6ad27cd8c35051d57b181020dae89fc9a0e73513a5d50147?s=96&d=mm&r=g\",\"contentUrl\":\"https:\\\/\\\/secure.gravatar.com\\\/avatar\\\/580dc211148900de6ad27cd8c35051d57b181020dae89fc9a0e73513a5d50147?s=96&d=mm&r=g\",\"caption\":\"webprev\"}}]}<\/script>\n<!-- \/ Yoast SEO plugin. -->","yoast_head_json":{"title":"Human Rights in Bioethics-Theoretical and Applied - Humanising Medicine","robots":{"index":"index","follow":"follow","max-snippet":"max-snippet:-1","max-image-preview":"max-image-preview:large","max-video-preview":"max-video-preview:-1"},"canonical":"https:\/\/www.humanizacjamedycyny.pl\/en\/4864\/human-rights-in-bioethics-theoretical-and-applied\/","og_locale":"en_GB","og_type":"article","og_title":"Human Rights in Bioethics\u2013Theoretical and Applied - Humanizacja medycyny","og_description":"To specjalne wydanie \u201ePrawa cz\u0142owieka w bioetyce\u201d zawiera cztery inspiruj\u0105ce artyku\u0142y, kt\u00f3re poruszaj\u0105 wa\u017cne kwestie w tocz\u0105cej si\u0119 obecnie debacie na temat praw cz\u0142owieka w dziedzinie bioetyki. Na przyk\u0142ad Baranzke zajmuje si\u0119 dok\u0142adnym zbadaniem historii poj\u0119cia \u015bwi\u0119to\u015bci \u017cycia i dochodzi do wniosku, \u017ce nie nale\u017cy postrzega\u0107 go jako \u201eniejasnej w\u0142a\u015bciwo\u015bci \u017cycia fizycznego\u201d, ale raczej postrzega\u0107 [&hellip;]","og_url":"https:\/\/www.humanizacjamedycyny.pl\/en\/4864\/human-rights-in-bioethics-theoretical-and-applied\/","og_site_name":"Humanizacja medycyny","article_publisher":"https:\/\/www.facebook.com\/humanizacjamedycyny","article_published_time":"2022-12-19T19:25:01+00:00","article_modified_time":"2022-12-19T19:25:03+00:00","og_image":[{"width":1200,"height":627,"url":"https:\/\/www.humanizacjamedycyny.pl\/wp-content\/uploads\/2022\/12\/og-image.jpg","type":"image\/jpeg"}],"author":"webprev","twitter_card":"summary_large_image","schema":{"@context":"https:\/\/schema.org","@graph":[{"@type":"Article","@id":"https:\/\/www.humanizacjamedycyny.pl\/4864\/human-rights-in-bioethics-theoretical-and-applied\/#article","isPartOf":{"@id":"https:\/\/www.humanizacjamedycyny.pl\/4864\/human-rights-in-bioethics-theoretical-and-applied\/"},"author":{"name":"webprev","@id":"https:\/\/www.humanizacjamedycyny.pl\/#\/schema\/person\/1963541e246d34db3802362a26b6190b"},"headline":"Human Rights in Bioethics\u2013Theoretical and Applied","datePublished":"2022-12-19T19:25:01+00:00","dateModified":"2022-12-19T19:25:03+00:00","mainEntityOfPage":{"@id":"https:\/\/www.humanizacjamedycyny.pl\/4864\/human-rights-in-bioethics-theoretical-and-applied\/"},"wordCount":301,"articleSection":["Publikacje zagraniczne"],"inLanguage":"en-GB"},{"@type":"WebPage","@id":"https:\/\/www.humanizacjamedycyny.pl\/4864\/human-rights-in-bioethics-theoretical-and-applied\/","url":"https:\/\/www.humanizacjamedycyny.pl\/4864\/human-rights-in-bioethics-theoretical-and-applied\/","name":"Human Rights in Bioethics-Theoretical and Applied - Humanising Medicine","isPartOf":{"@id":"https:\/\/www.humanizacjamedycyny.pl\/#website"},"datePublished":"2022-12-19T19:25:01+00:00","dateModified":"2022-12-19T19:25:03+00:00","author":{"@id":"https:\/\/www.humanizacjamedycyny.pl\/#\/schema\/person\/1963541e246d34db3802362a26b6190b"},"breadcrumb":{"@id":"https:\/\/www.humanizacjamedycyny.pl\/4864\/human-rights-in-bioethics-theoretical-and-applied\/#breadcrumb"},"inLanguage":"en-GB","potentialAction":[{"@type":"ReadAction","target":["https:\/\/www.humanizacjamedycyny.pl\/4864\/human-rights-in-bioethics-theoretical-and-applied\/"]}]},{"@type":"BreadcrumbList","@id":"https:\/\/www.humanizacjamedycyny.pl\/4864\/human-rights-in-bioethics-theoretical-and-applied\/#breadcrumb","itemListElement":[{"@type":"ListItem","position":1,"name":"Strona g\u0142\u00f3wna","item":"https:\/\/www.humanizacjamedycyny.pl\/"},{"@type":"ListItem","position":2,"name":"Publikacje","item":"https:\/\/www.humanizacjamedycyny.pl\/kategoria\/publikacje\/"},{"@type":"ListItem","position":3,"name":"Publikacje zagraniczne","item":"https:\/\/www.humanizacjamedycyny.pl\/baza-wiedzy\/publikacje-zagraniczne\/"},{"@type":"ListItem","position":4,"name":"Human Rights in Bioethics\u2013Theoretical and Applied"}]},{"@type":"WebSite","@id":"https:\/\/www.humanizacjamedycyny.pl\/#website","url":"https:\/\/www.humanizacjamedycyny.pl\/","name":"Humanisation of medicine","description":"A deficit in medicine in Poland is still the exploitation of the potential of the humanities.","potentialAction":[{"@type":"SearchAction","target":{"@type":"EntryPoint","urlTemplate":"https:\/\/www.humanizacjamedycyny.pl\/?s={search_term_string}"},"query-input":{"@type":"PropertyValueSpecification","valueRequired":true,"valueName":"search_term_string"}}],"inLanguage":"en-GB"},{"@type":"Person","@id":"https:\/\/www.humanizacjamedycyny.pl\/#\/schema\/person\/1963541e246d34db3802362a26b6190b","name":"webprev","image":{"@type":"ImageObject","inLanguage":"en-GB","@id":"https:\/\/secure.gravatar.com\/avatar\/580dc211148900de6ad27cd8c35051d57b181020dae89fc9a0e73513a5d50147?s=96&d=mm&r=g","url":"https:\/\/secure.gravatar.com\/avatar\/580dc211148900de6ad27cd8c35051d57b181020dae89fc9a0e73513a5d50147?s=96&d=mm&r=g","contentUrl":"https:\/\/secure.gravatar.com\/avatar\/580dc211148900de6ad27cd8c35051d57b181020dae89fc9a0e73513a5d50147?s=96&d=mm&r=g","caption":"webprev"}}]}},"_links":{"self":[{"href":"https:\/\/www.humanizacjamedycyny.pl\/en\/wp-json\/wp\/v2\/posts\/4864","targetHints":{"allow":["GET"]}}],"collection":[{"href":"https:\/\/www.humanizacjamedycyny.pl\/en\/wp-json\/wp\/v2\/posts"}],"about":[{"href":"https:\/\/www.humanizacjamedycyny.pl\/en\/wp-json\/wp\/v2\/types\/post"}],"author":[{"embeddable":true,"href":"https:\/\/www.humanizacjamedycyny.pl\/en\/wp-json\/wp\/v2\/users\/5"}],"replies":[{"embeddable":true,"href":"https:\/\/www.humanizacjamedycyny.pl\/en\/wp-json\/wp\/v2\/comments?post=4864"}],"version-history":[{"count":1,"href":"https:\/\/www.humanizacjamedycyny.pl\/en\/wp-json\/wp\/v2\/posts\/4864\/revisions"}],"predecessor-version":[{"id":4870,"href":"https:\/\/www.humanizacjamedycyny.pl\/en\/wp-json\/wp\/v2\/posts\/4864\/revisions\/4870"}],"wp:attachment":[{"href":"https:\/\/www.humanizacjamedycyny.pl\/en\/wp-json\/wp\/v2\/media?parent=4864"}],"wp:term":[{"taxonomy":"category","embeddable":true,"href":"https:\/\/www.humanizacjamedycyny.pl\/en\/wp-json\/wp\/v2\/categories?post=4864"},{"taxonomy":"post_tag","embeddable":true,"href":"https:\/\/www.humanizacjamedycyny.pl\/en\/wp-json\/wp\/v2\/tags?post=4864"}],"curies":[{"name":"wp","href":"https:\/\/api.w.org\/{rel}","templated":true}]}}