{"id":3346,"date":"2022-12-15T20:36:09","date_gmt":"2022-12-15T19:36:09","guid":{"rendered":"https:\/\/humanizacjamedycyny.webprev.net\/?p=3346"},"modified":"2022-12-15T20:36:11","modified_gmt":"2022-12-15T19:36:11","slug":"report-from-national-academic-conference-patient-rights-autonomy-patient-2","status":"publish","type":"post","link":"https:\/\/www.humanizacjamedycyny.pl\/en\/3346\/sprawozdanie-z-ogolnopolskiej-konferencji-naukowej-prawa-pacjenta-granice-autonomii-pacjenta-2\/","title":{"rendered":"Report on the National Scientific Conference \"Patients' Rights. The limits of patient autonomy\""},"content":{"rendered":"<p>On 15-16 April 2016, the Faculty of Law of the University of Bialystok hosted the National Scientific Conference \"Patients' rights. The limits of patient autonomy'. The event was organised by the Scientific Circle of Medical and Pharma-ceutical Law \"Pro Humanae Vitae\". The aforementioned student organisation, which has been in operation since 15 April 2014, conducts its activities under the scientific supervision of Dr Urszula Drozdowska, Assistant Professor in the Department of Civil Law at the University of Bia\u0142ystok. The conference was divided into six thematic blocks. The first day of the event featured three panels, which were followed by an opening ceremony held in the Faculty's main auditorium. Speakers included representatives of the dean's authorities, Vice-Dean for Academic Affairs, Prof. UwB, Ewa Monika Guzik-Makaruk, Ph.D., and Vice-Dean for Full-time Studies, Prof. UwB, Maciej Perkowski, Ph. On behalf of the organisers, the event's openers warmly welcomed guests from many Polish academic centres and wished them fruitful deliberations. The first session of the conference was entitled The issues of respecting the autonomy of an incapacitated adult patient. The introductory lecture was given by Dr Maria Bora-ty\u0144ska from the University of Warsaw, who also moderated the first panel. The lecture entitled Limb amputation: \"I want better legs\" referred mainly to the case of the non-disabled model Victoria Modesta and showed not only the legal, but also the ethical and social controversies raised by this aspect of respecting patient autonomy<\/p>\n\n\n\n<p><a href=\"https:\/\/repozytorium.uwb.edu.pl\/jspui\/bitstream\/11320\/5883\/1\/BSP_22_2_K_Bagan-Kurluta_O_prawach_dziecka_uwag_kilka_na_tle_ksiazki_Blazeja_Kmieciaka_Prawa_dziecka_jako_pacjenta.pdf\">https:\/\/repozytorium.uwb.edu.pl\/jspui\/bitstream\/11320\/5883\/1\/BSP_22_2_K_Bagan-<\/a> <a href=\"https:\/\/repozytorium.uwb.edu.pl\/jspui\/bitstream\/11320\/5883\/1\/BSP_22_2_K_Bagan-Kurluta_O_prawach_dziecka_uwag_kilka_na_tle_ksiazki_Blazeja_Kmieciaka_Prawa_dziecka_jako_pacjenta.pdf\">Kurluta_On_the_rights_of_child_observations_some_on_the_tle_books_Blazej_Kmieciak_Law_of_children<\/a> <a href=\"https:\/\/repozytorium.uwb.edu.pl\/jspui\/bitstream\/11320\/5883\/1\/BSP_22_2_K_Bagan-Kurluta_O_prawach_dziecka_uwag_kilka_na_tle_ksiazki_Blazeja_Kmieciaka_Prawa_dziecka_jako_pacjenta.pdf\">a_as_patient.pdf<\/a><\/p>","protected":false},"excerpt":{"rendered":"<p>W dniach 15\u201316 kwietnia 2016 roku na Wydziale Prawa Uniwersy-tetu w Bia\u0142ymstoku odby\u0142a si\u0119 Og\u00f3lnopolska Konferencja Naukowa \u201ePrawa pacjenta. Granice autonomii pacjenta\u201d. Wydarzenie zosta\u0142o zorganizowane przez Ko\u0142o Naukowe Prawa Medycznego i Farma-ceutycznego \u201ePro Humanae Vitae\u201d. Wy\u017cej wymieniona organizacja studencka, funkcjonuj\u0105ca od 15 kwietnia 2014 roku, prowadzi swoj\u0105 dzia\u0142alno\u015b\u0107 pod opiek\u0105 naukow\u0105 dr Urszuli Drozdowskiej, adiunkta [&hellip;]<\/p>\n","protected":false},"author":5,"featured_media":0,"comment_status":"closed","ping_status":"closed","sticky":false,"template":"","format":"standard","meta":{"_et_pb_use_builder":"off","_et_pb_old_content":"","_et_gb_content_width":"","inline_featured_image":false,"footnotes":""},"categories":[37],"tags":[],"class_list":["post-3346","post","type-post","status-publish","format-standard","hentry","category-prawa-pacjenta"],"yoast_head":"<!-- This site is optimized with the Yoast SEO plugin v27.5 - https:\/\/yoast.com\/product\/yoast-seo-wordpress\/ -->\n<title>Sprawozdanie z Og\u00f3lnopolskiej Konferencji Naukowej \u201ePrawa pacjenta. Granice autonomii pacjenta\u201d - Humanizacja medycyny<\/title>\n<meta name=\"robots\" content=\"index, follow, max-snippet:-1, max-image-preview:large, max-video-preview:-1\" \/>\n<link rel=\"canonical\" href=\"https:\/\/www.humanizacjamedycyny.pl\/en\/3346\/report-from-national-academic-conference-patient-rights-autonomy-patient-2\/\" \/>\n<meta property=\"og:locale\" content=\"en_GB\" \/>\n<meta property=\"og:type\" content=\"article\" \/>\n<meta property=\"og:title\" content=\"Sprawozdanie z Og\u00f3lnopolskiej Konferencji Naukowej \u201ePrawa pacjenta. Granice autonomii pacjenta\u201d - Humanizacja medycyny\" \/>\n<meta property=\"og:description\" content=\"W dniach 15\u201316 kwietnia 2016 roku na Wydziale Prawa Uniwersy-tetu w Bia\u0142ymstoku odby\u0142a si\u0119 Og\u00f3lnopolska Konferencja Naukowa \u201ePrawa pacjenta. Granice autonomii pacjenta\u201d. Wydarzenie zosta\u0142o zorganizowane przez Ko\u0142o Naukowe Prawa Medycznego i Farma-ceutycznego \u201ePro Humanae Vitae\u201d. Wy\u017cej wymieniona organizacja studencka, funkcjonuj\u0105ca od 15 kwietnia 2014 roku, prowadzi swoj\u0105 dzia\u0142alno\u015b\u0107 pod opiek\u0105 naukow\u0105 dr Urszuli Drozdowskiej, adiunkta [&hellip;]\" \/>\n<meta property=\"og:url\" content=\"https:\/\/www.humanizacjamedycyny.pl\/en\/3346\/report-from-national-academic-conference-patient-rights-autonomy-patient-2\/\" \/>\n<meta property=\"og:site_name\" content=\"Humanizacja medycyny\" \/>\n<meta property=\"article:publisher\" content=\"https:\/\/www.facebook.com\/humanizacjamedycyny\" \/>\n<meta property=\"article:published_time\" content=\"2022-12-15T19:36:09+00:00\" \/>\n<meta property=\"article:modified_time\" content=\"2022-12-15T19:36:11+00:00\" \/>\n<meta property=\"og:image\" content=\"https:\/\/www.humanizacjamedycyny.pl\/wp-content\/uploads\/2022\/12\/og-image.jpg\" \/>\n\t<meta property=\"og:image:width\" content=\"1200\" \/>\n\t<meta property=\"og:image:height\" content=\"627\" \/>\n\t<meta property=\"og:image:type\" content=\"image\/jpeg\" \/>\n<meta name=\"author\" content=\"webprev\" \/>\n<meta name=\"twitter:card\" content=\"summary_large_image\" \/>\n<script type=\"application\/ld+json\" class=\"yoast-schema-graph\">{\"@context\":\"https:\\\/\\\/schema.org\",\"@graph\":[{\"@type\":\"Article\",\"@id\":\"https:\\\/\\\/www.humanizacjamedycyny.pl\\\/3346\\\/sprawozdanie-z-ogolnopolskiej-konferencji-naukowej-prawa-pacjenta-granice-autonomii-pacjenta-2\\\/#article\",\"isPartOf\":{\"@id\":\"https:\\\/\\\/www.humanizacjamedycyny.pl\\\/3346\\\/sprawozdanie-z-ogolnopolskiej-konferencji-naukowej-prawa-pacjenta-granice-autonomii-pacjenta-2\\\/\"},\"author\":{\"name\":\"webprev\",\"@id\":\"https:\\\/\\\/www.humanizacjamedycyny.pl\\\/#\\\/schema\\\/person\\\/1963541e246d34db3802362a26b6190b\"},\"headline\":\"Sprawozdanie z Og\u00f3lnopolskiej Konferencji Naukowej \u201ePrawa pacjenta. Granice autonomii pacjenta\u201d\",\"datePublished\":\"2022-12-15T19:36:09+00:00\",\"dateModified\":\"2022-12-15T19:36:11+00:00\",\"mainEntityOfPage\":{\"@id\":\"https:\\\/\\\/www.humanizacjamedycyny.pl\\\/3346\\\/sprawozdanie-z-ogolnopolskiej-konferencji-naukowej-prawa-pacjenta-granice-autonomii-pacjenta-2\\\/\"},\"wordCount\":276,\"articleSection\":[\"Prawa pacjenta\"],\"inLanguage\":\"en-GB\"},{\"@type\":\"WebPage\",\"@id\":\"https:\\\/\\\/www.humanizacjamedycyny.pl\\\/3346\\\/sprawozdanie-z-ogolnopolskiej-konferencji-naukowej-prawa-pacjenta-granice-autonomii-pacjenta-2\\\/\",\"url\":\"https:\\\/\\\/www.humanizacjamedycyny.pl\\\/3346\\\/sprawozdanie-z-ogolnopolskiej-konferencji-naukowej-prawa-pacjenta-granice-autonomii-pacjenta-2\\\/\",\"name\":\"Sprawozdanie z Og\u00f3lnopolskiej Konferencji Naukowej \u201ePrawa pacjenta. Granice autonomii pacjenta\u201d - Humanizacja medycyny\",\"isPartOf\":{\"@id\":\"https:\\\/\\\/www.humanizacjamedycyny.pl\\\/#website\"},\"datePublished\":\"2022-12-15T19:36:09+00:00\",\"dateModified\":\"2022-12-15T19:36:11+00:00\",\"author\":{\"@id\":\"https:\\\/\\\/www.humanizacjamedycyny.pl\\\/#\\\/schema\\\/person\\\/1963541e246d34db3802362a26b6190b\"},\"breadcrumb\":{\"@id\":\"https:\\\/\\\/www.humanizacjamedycyny.pl\\\/3346\\\/sprawozdanie-z-ogolnopolskiej-konferencji-naukowej-prawa-pacjenta-granice-autonomii-pacjenta-2\\\/#breadcrumb\"},\"inLanguage\":\"en-GB\",\"potentialAction\":[{\"@type\":\"ReadAction\",\"target\":[\"https:\\\/\\\/www.humanizacjamedycyny.pl\\\/3346\\\/sprawozdanie-z-ogolnopolskiej-konferencji-naukowej-prawa-pacjenta-granice-autonomii-pacjenta-2\\\/\"]}]},{\"@type\":\"BreadcrumbList\",\"@id\":\"https:\\\/\\\/www.humanizacjamedycyny.pl\\\/3346\\\/sprawozdanie-z-ogolnopolskiej-konferencji-naukowej-prawa-pacjenta-granice-autonomii-pacjenta-2\\\/#breadcrumb\",\"itemListElement\":[{\"@type\":\"ListItem\",\"position\":1,\"name\":\"Strona g\u0142\u00f3wna\",\"item\":\"https:\\\/\\\/www.humanizacjamedycyny.pl\\\/\"},{\"@type\":\"ListItem\",\"position\":2,\"name\":\"Baza wiedzy\",\"item\":\"https:\\\/\\\/www.humanizacjamedycyny.pl\\\/kategoria\\\/baza-wiedzy\\\/\"},{\"@type\":\"ListItem\",\"position\":3,\"name\":\"Prawa pacjenta\",\"item\":\"https:\\\/\\\/www.humanizacjamedycyny.pl\\\/baza-wiedzy\\\/prawa-pacjenta\\\/\"},{\"@type\":\"ListItem\",\"position\":4,\"name\":\"Sprawozdanie z Og\u00f3lnopolskiej Konferencji Naukowej \u201ePrawa pacjenta. Granice autonomii pacjenta\u201d\"}]},{\"@type\":\"WebSite\",\"@id\":\"https:\\\/\\\/www.humanizacjamedycyny.pl\\\/#website\",\"url\":\"https:\\\/\\\/www.humanizacjamedycyny.pl\\\/\",\"name\":\"Humanizacja medycyny\",\"description\":\"Deficytem w medycynie w Polsce nadal pozostaje wykorzystanie potencja\u0142u nauk humanistycznych.\",\"potentialAction\":[{\"@type\":\"SearchAction\",\"target\":{\"@type\":\"EntryPoint\",\"urlTemplate\":\"https:\\\/\\\/www.humanizacjamedycyny.pl\\\/?s={search_term_string}\"},\"query-input\":{\"@type\":\"PropertyValueSpecification\",\"valueRequired\":true,\"valueName\":\"search_term_string\"}}],\"inLanguage\":\"en-GB\"},{\"@type\":\"Person\",\"@id\":\"https:\\\/\\\/www.humanizacjamedycyny.pl\\\/#\\\/schema\\\/person\\\/1963541e246d34db3802362a26b6190b\",\"name\":\"webprev\",\"image\":{\"@type\":\"ImageObject\",\"inLanguage\":\"en-GB\",\"@id\":\"https:\\\/\\\/secure.gravatar.com\\\/avatar\\\/580dc211148900de6ad27cd8c35051d57b181020dae89fc9a0e73513a5d50147?s=96&d=mm&r=g\",\"url\":\"https:\\\/\\\/secure.gravatar.com\\\/avatar\\\/580dc211148900de6ad27cd8c35051d57b181020dae89fc9a0e73513a5d50147?s=96&d=mm&r=g\",\"contentUrl\":\"https:\\\/\\\/secure.gravatar.com\\\/avatar\\\/580dc211148900de6ad27cd8c35051d57b181020dae89fc9a0e73513a5d50147?s=96&d=mm&r=g\",\"caption\":\"webprev\"}}]}<\/script>\n<!-- \/ Yoast SEO plugin. -->","yoast_head_json":{"title":"Report on the National Scientific Conference \"Patients' Rights. The limits of patient autonomy\" - Humanising medicine","robots":{"index":"index","follow":"follow","max-snippet":"max-snippet:-1","max-image-preview":"max-image-preview:large","max-video-preview":"max-video-preview:-1"},"canonical":"https:\/\/www.humanizacjamedycyny.pl\/en\/3346\/report-from-national-academic-conference-patient-rights-autonomy-patient-2\/","og_locale":"en_GB","og_type":"article","og_title":"Sprawozdanie z Og\u00f3lnopolskiej Konferencji Naukowej \u201ePrawa pacjenta. Granice autonomii pacjenta\u201d - Humanizacja medycyny","og_description":"W dniach 15\u201316 kwietnia 2016 roku na Wydziale Prawa Uniwersy-tetu w Bia\u0142ymstoku odby\u0142a si\u0119 Og\u00f3lnopolska Konferencja Naukowa \u201ePrawa pacjenta. Granice autonomii pacjenta\u201d. Wydarzenie zosta\u0142o zorganizowane przez Ko\u0142o Naukowe Prawa Medycznego i Farma-ceutycznego \u201ePro Humanae Vitae\u201d. Wy\u017cej wymieniona organizacja studencka, funkcjonuj\u0105ca od 15 kwietnia 2014 roku, prowadzi swoj\u0105 dzia\u0142alno\u015b\u0107 pod opiek\u0105 naukow\u0105 dr Urszuli Drozdowskiej, adiunkta [&hellip;]","og_url":"https:\/\/www.humanizacjamedycyny.pl\/en\/3346\/report-from-national-academic-conference-patient-rights-autonomy-patient-2\/","og_site_name":"Humanizacja medycyny","article_publisher":"https:\/\/www.facebook.com\/humanizacjamedycyny","article_published_time":"2022-12-15T19:36:09+00:00","article_modified_time":"2022-12-15T19:36:11+00:00","og_image":[{"width":1200,"height":627,"url":"https:\/\/www.humanizacjamedycyny.pl\/wp-content\/uploads\/2022\/12\/og-image.jpg","type":"image\/jpeg"}],"author":"webprev","twitter_card":"summary_large_image","schema":{"@context":"https:\/\/schema.org","@graph":[{"@type":"Article","@id":"https:\/\/www.humanizacjamedycyny.pl\/3346\/sprawozdanie-z-ogolnopolskiej-konferencji-naukowej-prawa-pacjenta-granice-autonomii-pacjenta-2\/#article","isPartOf":{"@id":"https:\/\/www.humanizacjamedycyny.pl\/3346\/sprawozdanie-z-ogolnopolskiej-konferencji-naukowej-prawa-pacjenta-granice-autonomii-pacjenta-2\/"},"author":{"name":"webprev","@id":"https:\/\/www.humanizacjamedycyny.pl\/#\/schema\/person\/1963541e246d34db3802362a26b6190b"},"headline":"Sprawozdanie z Og\u00f3lnopolskiej Konferencji Naukowej \u201ePrawa pacjenta. Granice autonomii pacjenta\u201d","datePublished":"2022-12-15T19:36:09+00:00","dateModified":"2022-12-15T19:36:11+00:00","mainEntityOfPage":{"@id":"https:\/\/www.humanizacjamedycyny.pl\/3346\/sprawozdanie-z-ogolnopolskiej-konferencji-naukowej-prawa-pacjenta-granice-autonomii-pacjenta-2\/"},"wordCount":276,"articleSection":["Prawa pacjenta"],"inLanguage":"en-GB"},{"@type":"WebPage","@id":"https:\/\/www.humanizacjamedycyny.pl\/3346\/sprawozdanie-z-ogolnopolskiej-konferencji-naukowej-prawa-pacjenta-granice-autonomii-pacjenta-2\/","url":"https:\/\/www.humanizacjamedycyny.pl\/3346\/sprawozdanie-z-ogolnopolskiej-konferencji-naukowej-prawa-pacjenta-granice-autonomii-pacjenta-2\/","name":"Report on the National Scientific Conference \"Patients' Rights. The limits of patient autonomy\" - Humanising medicine","isPartOf":{"@id":"https:\/\/www.humanizacjamedycyny.pl\/#website"},"datePublished":"2022-12-15T19:36:09+00:00","dateModified":"2022-12-15T19:36:11+00:00","author":{"@id":"https:\/\/www.humanizacjamedycyny.pl\/#\/schema\/person\/1963541e246d34db3802362a26b6190b"},"breadcrumb":{"@id":"https:\/\/www.humanizacjamedycyny.pl\/3346\/sprawozdanie-z-ogolnopolskiej-konferencji-naukowej-prawa-pacjenta-granice-autonomii-pacjenta-2\/#breadcrumb"},"inLanguage":"en-GB","potentialAction":[{"@type":"ReadAction","target":["https:\/\/www.humanizacjamedycyny.pl\/3346\/sprawozdanie-z-ogolnopolskiej-konferencji-naukowej-prawa-pacjenta-granice-autonomii-pacjenta-2\/"]}]},{"@type":"BreadcrumbList","@id":"https:\/\/www.humanizacjamedycyny.pl\/3346\/sprawozdanie-z-ogolnopolskiej-konferencji-naukowej-prawa-pacjenta-granice-autonomii-pacjenta-2\/#breadcrumb","itemListElement":[{"@type":"ListItem","position":1,"name":"Strona g\u0142\u00f3wna","item":"https:\/\/www.humanizacjamedycyny.pl\/"},{"@type":"ListItem","position":2,"name":"Baza wiedzy","item":"https:\/\/www.humanizacjamedycyny.pl\/kategoria\/baza-wiedzy\/"},{"@type":"ListItem","position":3,"name":"Prawa pacjenta","item":"https:\/\/www.humanizacjamedycyny.pl\/baza-wiedzy\/prawa-pacjenta\/"},{"@type":"ListItem","position":4,"name":"Sprawozdanie z Og\u00f3lnopolskiej Konferencji Naukowej \u201ePrawa pacjenta. Granice autonomii pacjenta\u201d"}]},{"@type":"WebSite","@id":"https:\/\/www.humanizacjamedycyny.pl\/#website","url":"https:\/\/www.humanizacjamedycyny.pl\/","name":"Humanisation of medicine","description":"A deficit in medicine in Poland is still the exploitation of the potential of the humanities.","potentialAction":[{"@type":"SearchAction","target":{"@type":"EntryPoint","urlTemplate":"https:\/\/www.humanizacjamedycyny.pl\/?s={search_term_string}"},"query-input":{"@type":"PropertyValueSpecification","valueRequired":true,"valueName":"search_term_string"}}],"inLanguage":"en-GB"},{"@type":"Person","@id":"https:\/\/www.humanizacjamedycyny.pl\/#\/schema\/person\/1963541e246d34db3802362a26b6190b","name":"webprev","image":{"@type":"ImageObject","inLanguage":"en-GB","@id":"https:\/\/secure.gravatar.com\/avatar\/580dc211148900de6ad27cd8c35051d57b181020dae89fc9a0e73513a5d50147?s=96&d=mm&r=g","url":"https:\/\/secure.gravatar.com\/avatar\/580dc211148900de6ad27cd8c35051d57b181020dae89fc9a0e73513a5d50147?s=96&d=mm&r=g","contentUrl":"https:\/\/secure.gravatar.com\/avatar\/580dc211148900de6ad27cd8c35051d57b181020dae89fc9a0e73513a5d50147?s=96&d=mm&r=g","caption":"webprev"}}]}},"_links":{"self":[{"href":"https:\/\/www.humanizacjamedycyny.pl\/en\/wp-json\/wp\/v2\/posts\/3346","targetHints":{"allow":["GET"]}}],"collection":[{"href":"https:\/\/www.humanizacjamedycyny.pl\/en\/wp-json\/wp\/v2\/posts"}],"about":[{"href":"https:\/\/www.humanizacjamedycyny.pl\/en\/wp-json\/wp\/v2\/types\/post"}],"author":[{"embeddable":true,"href":"https:\/\/www.humanizacjamedycyny.pl\/en\/wp-json\/wp\/v2\/users\/5"}],"replies":[{"embeddable":true,"href":"https:\/\/www.humanizacjamedycyny.pl\/en\/wp-json\/wp\/v2\/comments?post=3346"}],"version-history":[{"count":1,"href":"https:\/\/www.humanizacjamedycyny.pl\/en\/wp-json\/wp\/v2\/posts\/3346\/revisions"}],"predecessor-version":[{"id":3348,"href":"https:\/\/www.humanizacjamedycyny.pl\/en\/wp-json\/wp\/v2\/posts\/3346\/revisions\/3348"}],"wp:attachment":[{"href":"https:\/\/www.humanizacjamedycyny.pl\/en\/wp-json\/wp\/v2\/media?parent=3346"}],"wp:term":[{"taxonomy":"category","embeddable":true,"href":"https:\/\/www.humanizacjamedycyny.pl\/en\/wp-json\/wp\/v2\/categories?post=3346"},{"taxonomy":"post_tag","embeddable":true,"href":"https:\/\/www.humanizacjamedycyny.pl\/en\/wp-json\/wp\/v2\/tags?post=3346"}],"curies":[{"name":"wp","href":"https:\/\/api.w.org\/{rel}","templated":true}]}}