{"id":3267,"date":"2022-12-15T18:15:26","date_gmt":"2022-12-15T17:15:26","guid":{"rendered":"https:\/\/humanizacjamedycyny.webprev.net\/?p=3267"},"modified":"2022-12-15T18:15:28","modified_gmt":"2022-12-15T17:15:28","slug":"who-steals-tomorrow","status":"publish","type":"post","link":"https:\/\/www.humanizacjamedycyny.pl\/en\/3267\/kto-ukradl-jutro\/","title":{"rendered":"Who stole tomorrow?"},"content":{"rendered":"<p>Autism, aphasia, dysphasia are just some of the terms relating to mental disabilities that we encounter in the media or in professional literature. Those who personally experience the illness or care for people with disabilities are not always able, and often simply unwilling, to share their experiences with others. When April passes, symbolically marked in blue as a sign of solidarity and support for people with autism and their families , in which (2 April) we celebrate World Autism Awareness Day, followed by 5 May, the European Day against Disability Discrimination. As the charity Wings for Life World Run draws to a close, we often forget that disabled people live among us.<br>This is why the book \"Who stole tomorrow?\" by Olga Ptak, should find itself in the hands of parents, carers, educators, psychologists, speech therapists, psychotherapists, and it would be excellent if most of us became familiar with its content. The \"painful\" content will not leave anyone indifferent to the problems of disability, in this case involving a child.<br>Part I of the book, is an account of a mother experiencing difficult motherhood, an attempt to name what seems to have no name, and to put in order a world full of expectations and ideas about motherhood, but which has fallen apart completely. We get to know Olga's uneasy emotions, which sometimes surprise her, which cannot be predicted, and which she has had to learn to live with. Mama Olga struggles not only with herself but also with a world that is unfriendly and hostile to people with disabilities, placing insurmountable obstacles in her way. Perhaps her experiences that she shares with the reader in her book will help all those who, like her, are in the 'emergency room' from morning to evening. Part II of the book consists of short scenes from the life of a disabled boy who tells about his world, where everything is not as his mother Olga would have wanted. Leon is looking for a friend and it is to him that he entrusts his secrets. The graphically highlighted letters that appear on the following pages, despite their apparent disorder, form the word FRIEND.<\/p>\n\n\n\n<p>This section can serve as a pretext for educators, teachers and educators to talk to children about disability, difference and tolerance.<\/p>","protected":false},"excerpt":{"rendered":"<p>Autyzm, afazja, dysfazja, to tylko niekt\u00f3re poj\u0119cia dotycz\u0105ce niepe\u0142nosprawno\u015bci umys\u0142owej, z kt\u00f3rymi spotykamy si\u0119 w mediach lub fachowej literaturze. Ci kt\u00f3rzy osobi\u015bcie do\u015bwiadczaj\u0105 choroby lub sprawuj\u0105 opiek\u0119 nad osobami niepe\u0142nosprawnymi nie zawsze potrafi\u0105, a cz\u0119sto po prostu nie chc\u0105 dzieli\u0107 si\u0119 swoimi prze\u017cyciami z innymi. Kiedy mija kwiecie\u0144, symbolicznie oznaczony kolorem niebieskim na znak solidarno\u015bci [&hellip;]<\/p>\n","protected":false},"author":5,"featured_media":0,"comment_status":"closed","ping_status":"closed","sticky":false,"template":"","format":"standard","meta":{"_et_pb_use_builder":"off","_et_pb_old_content":"","_et_gb_content_width":"","inline_featured_image":false,"footnotes":""},"categories":[32],"tags":[],"class_list":["post-3267","post","type-post","status-publish","format-standard","hentry","category-publikacje-polskie"],"yoast_head":"<!-- This site is optimized with the Yoast SEO plugin v27.5 - https:\/\/yoast.com\/product\/yoast-seo-wordpress\/ -->\n<title>Kto ukrad\u0142 jutro? - Humanizacja medycyny<\/title>\n<meta name=\"robots\" content=\"index, follow, max-snippet:-1, max-image-preview:large, max-video-preview:-1\" \/>\n<link rel=\"canonical\" href=\"https:\/\/www.humanizacjamedycyny.pl\/en\/3267\/who-steals-tomorrow\/\" \/>\n<meta property=\"og:locale\" content=\"en_GB\" \/>\n<meta property=\"og:type\" content=\"article\" \/>\n<meta property=\"og:title\" content=\"Kto ukrad\u0142 jutro? - Humanizacja medycyny\" \/>\n<meta property=\"og:description\" content=\"Autyzm, afazja, dysfazja, to tylko niekt\u00f3re poj\u0119cia dotycz\u0105ce niepe\u0142nosprawno\u015bci umys\u0142owej, z kt\u00f3rymi spotykamy si\u0119 w mediach lub fachowej literaturze. Ci kt\u00f3rzy osobi\u015bcie do\u015bwiadczaj\u0105 choroby lub sprawuj\u0105 opiek\u0119 nad osobami niepe\u0142nosprawnymi nie zawsze potrafi\u0105, a cz\u0119sto po prostu nie chc\u0105 dzieli\u0107 si\u0119 swoimi prze\u017cyciami z innymi. Kiedy mija kwiecie\u0144, symbolicznie oznaczony kolorem niebieskim na znak solidarno\u015bci [&hellip;]\" \/>\n<meta property=\"og:url\" content=\"https:\/\/www.humanizacjamedycyny.pl\/en\/3267\/who-steals-tomorrow\/\" \/>\n<meta property=\"og:site_name\" content=\"Humanizacja medycyny\" \/>\n<meta property=\"article:publisher\" content=\"https:\/\/www.facebook.com\/humanizacjamedycyny\" \/>\n<meta property=\"article:published_time\" content=\"2022-12-15T17:15:26+00:00\" \/>\n<meta property=\"article:modified_time\" content=\"2022-12-15T17:15:28+00:00\" \/>\n<meta property=\"og:image\" content=\"https:\/\/www.humanizacjamedycyny.pl\/wp-content\/uploads\/2022\/12\/og-image.jpg\" \/>\n\t<meta property=\"og:image:width\" content=\"1200\" \/>\n\t<meta property=\"og:image:height\" content=\"627\" \/>\n\t<meta property=\"og:image:type\" content=\"image\/jpeg\" \/>\n<meta name=\"author\" content=\"webprev\" \/>\n<meta name=\"twitter:card\" content=\"summary_large_image\" \/>\n<script type=\"application\/ld+json\" class=\"yoast-schema-graph\">{\"@context\":\"https:\\\/\\\/schema.org\",\"@graph\":[{\"@type\":\"Article\",\"@id\":\"https:\\\/\\\/www.humanizacjamedycyny.pl\\\/3267\\\/kto-ukradl-jutro\\\/#article\",\"isPartOf\":{\"@id\":\"https:\\\/\\\/www.humanizacjamedycyny.pl\\\/3267\\\/kto-ukradl-jutro\\\/\"},\"author\":{\"name\":\"webprev\",\"@id\":\"https:\\\/\\\/www.humanizacjamedycyny.pl\\\/#\\\/schema\\\/person\\\/1963541e246d34db3802362a26b6190b\"},\"headline\":\"Kto ukrad\u0142 jutro?\",\"datePublished\":\"2022-12-15T17:15:26+00:00\",\"dateModified\":\"2022-12-15T17:15:28+00:00\",\"mainEntityOfPage\":{\"@id\":\"https:\\\/\\\/www.humanizacjamedycyny.pl\\\/3267\\\/kto-ukradl-jutro\\\/\"},\"wordCount\":415,\"articleSection\":[\"Publikacje polskie\"],\"inLanguage\":\"en-GB\"},{\"@type\":\"WebPage\",\"@id\":\"https:\\\/\\\/www.humanizacjamedycyny.pl\\\/3267\\\/kto-ukradl-jutro\\\/\",\"url\":\"https:\\\/\\\/www.humanizacjamedycyny.pl\\\/3267\\\/kto-ukradl-jutro\\\/\",\"name\":\"Kto ukrad\u0142 jutro? - Humanizacja medycyny\",\"isPartOf\":{\"@id\":\"https:\\\/\\\/www.humanizacjamedycyny.pl\\\/#website\"},\"datePublished\":\"2022-12-15T17:15:26+00:00\",\"dateModified\":\"2022-12-15T17:15:28+00:00\",\"author\":{\"@id\":\"https:\\\/\\\/www.humanizacjamedycyny.pl\\\/#\\\/schema\\\/person\\\/1963541e246d34db3802362a26b6190b\"},\"breadcrumb\":{\"@id\":\"https:\\\/\\\/www.humanizacjamedycyny.pl\\\/3267\\\/kto-ukradl-jutro\\\/#breadcrumb\"},\"inLanguage\":\"en-GB\",\"potentialAction\":[{\"@type\":\"ReadAction\",\"target\":[\"https:\\\/\\\/www.humanizacjamedycyny.pl\\\/3267\\\/kto-ukradl-jutro\\\/\"]}]},{\"@type\":\"BreadcrumbList\",\"@id\":\"https:\\\/\\\/www.humanizacjamedycyny.pl\\\/3267\\\/kto-ukradl-jutro\\\/#breadcrumb\",\"itemListElement\":[{\"@type\":\"ListItem\",\"position\":1,\"name\":\"Strona g\u0142\u00f3wna\",\"item\":\"https:\\\/\\\/www.humanizacjamedycyny.pl\\\/\"},{\"@type\":\"ListItem\",\"position\":2,\"name\":\"Publikacje\",\"item\":\"https:\\\/\\\/www.humanizacjamedycyny.pl\\\/kategoria\\\/publikacje\\\/\"},{\"@type\":\"ListItem\",\"position\":3,\"name\":\"Publikacje polskie\",\"item\":\"https:\\\/\\\/www.humanizacjamedycyny.pl\\\/baza-wiedzy\\\/publikacje-polskie\\\/\"},{\"@type\":\"ListItem\",\"position\":4,\"name\":\"Kto ukrad\u0142 jutro?\"}]},{\"@type\":\"WebSite\",\"@id\":\"https:\\\/\\\/www.humanizacjamedycyny.pl\\\/#website\",\"url\":\"https:\\\/\\\/www.humanizacjamedycyny.pl\\\/\",\"name\":\"Humanizacja medycyny\",\"description\":\"Deficytem w medycynie w Polsce nadal pozostaje wykorzystanie potencja\u0142u nauk humanistycznych.\",\"potentialAction\":[{\"@type\":\"SearchAction\",\"target\":{\"@type\":\"EntryPoint\",\"urlTemplate\":\"https:\\\/\\\/www.humanizacjamedycyny.pl\\\/?s={search_term_string}\"},\"query-input\":{\"@type\":\"PropertyValueSpecification\",\"valueRequired\":true,\"valueName\":\"search_term_string\"}}],\"inLanguage\":\"en-GB\"},{\"@type\":\"Person\",\"@id\":\"https:\\\/\\\/www.humanizacjamedycyny.pl\\\/#\\\/schema\\\/person\\\/1963541e246d34db3802362a26b6190b\",\"name\":\"webprev\",\"image\":{\"@type\":\"ImageObject\",\"inLanguage\":\"en-GB\",\"@id\":\"https:\\\/\\\/secure.gravatar.com\\\/avatar\\\/580dc211148900de6ad27cd8c35051d57b181020dae89fc9a0e73513a5d50147?s=96&d=mm&r=g\",\"url\":\"https:\\\/\\\/secure.gravatar.com\\\/avatar\\\/580dc211148900de6ad27cd8c35051d57b181020dae89fc9a0e73513a5d50147?s=96&d=mm&r=g\",\"contentUrl\":\"https:\\\/\\\/secure.gravatar.com\\\/avatar\\\/580dc211148900de6ad27cd8c35051d57b181020dae89fc9a0e73513a5d50147?s=96&d=mm&r=g\",\"caption\":\"webprev\"}}]}<\/script>\n<!-- \/ Yoast SEO plugin. -->","yoast_head_json":{"title":"Who stole tomorrow? - The humanisation of medicine","robots":{"index":"index","follow":"follow","max-snippet":"max-snippet:-1","max-image-preview":"max-image-preview:large","max-video-preview":"max-video-preview:-1"},"canonical":"https:\/\/www.humanizacjamedycyny.pl\/en\/3267\/who-steals-tomorrow\/","og_locale":"en_GB","og_type":"article","og_title":"Kto ukrad\u0142 jutro? - Humanizacja medycyny","og_description":"Autyzm, afazja, dysfazja, to tylko niekt\u00f3re poj\u0119cia dotycz\u0105ce niepe\u0142nosprawno\u015bci umys\u0142owej, z kt\u00f3rymi spotykamy si\u0119 w mediach lub fachowej literaturze. Ci kt\u00f3rzy osobi\u015bcie do\u015bwiadczaj\u0105 choroby lub sprawuj\u0105 opiek\u0119 nad osobami niepe\u0142nosprawnymi nie zawsze potrafi\u0105, a cz\u0119sto po prostu nie chc\u0105 dzieli\u0107 si\u0119 swoimi prze\u017cyciami z innymi. Kiedy mija kwiecie\u0144, symbolicznie oznaczony kolorem niebieskim na znak solidarno\u015bci [&hellip;]","og_url":"https:\/\/www.humanizacjamedycyny.pl\/en\/3267\/who-steals-tomorrow\/","og_site_name":"Humanizacja medycyny","article_publisher":"https:\/\/www.facebook.com\/humanizacjamedycyny","article_published_time":"2022-12-15T17:15:26+00:00","article_modified_time":"2022-12-15T17:15:28+00:00","og_image":[{"width":1200,"height":627,"url":"https:\/\/www.humanizacjamedycyny.pl\/wp-content\/uploads\/2022\/12\/og-image.jpg","type":"image\/jpeg"}],"author":"webprev","twitter_card":"summary_large_image","schema":{"@context":"https:\/\/schema.org","@graph":[{"@type":"Article","@id":"https:\/\/www.humanizacjamedycyny.pl\/3267\/kto-ukradl-jutro\/#article","isPartOf":{"@id":"https:\/\/www.humanizacjamedycyny.pl\/3267\/kto-ukradl-jutro\/"},"author":{"name":"webprev","@id":"https:\/\/www.humanizacjamedycyny.pl\/#\/schema\/person\/1963541e246d34db3802362a26b6190b"},"headline":"Kto ukrad\u0142 jutro?","datePublished":"2022-12-15T17:15:26+00:00","dateModified":"2022-12-15T17:15:28+00:00","mainEntityOfPage":{"@id":"https:\/\/www.humanizacjamedycyny.pl\/3267\/kto-ukradl-jutro\/"},"wordCount":415,"articleSection":["Publikacje polskie"],"inLanguage":"en-GB"},{"@type":"WebPage","@id":"https:\/\/www.humanizacjamedycyny.pl\/3267\/kto-ukradl-jutro\/","url":"https:\/\/www.humanizacjamedycyny.pl\/3267\/kto-ukradl-jutro\/","name":"Who stole tomorrow? - The humanisation of medicine","isPartOf":{"@id":"https:\/\/www.humanizacjamedycyny.pl\/#website"},"datePublished":"2022-12-15T17:15:26+00:00","dateModified":"2022-12-15T17:15:28+00:00","author":{"@id":"https:\/\/www.humanizacjamedycyny.pl\/#\/schema\/person\/1963541e246d34db3802362a26b6190b"},"breadcrumb":{"@id":"https:\/\/www.humanizacjamedycyny.pl\/3267\/kto-ukradl-jutro\/#breadcrumb"},"inLanguage":"en-GB","potentialAction":[{"@type":"ReadAction","target":["https:\/\/www.humanizacjamedycyny.pl\/3267\/kto-ukradl-jutro\/"]}]},{"@type":"BreadcrumbList","@id":"https:\/\/www.humanizacjamedycyny.pl\/3267\/kto-ukradl-jutro\/#breadcrumb","itemListElement":[{"@type":"ListItem","position":1,"name":"Strona g\u0142\u00f3wna","item":"https:\/\/www.humanizacjamedycyny.pl\/"},{"@type":"ListItem","position":2,"name":"Publikacje","item":"https:\/\/www.humanizacjamedycyny.pl\/kategoria\/publikacje\/"},{"@type":"ListItem","position":3,"name":"Publikacje polskie","item":"https:\/\/www.humanizacjamedycyny.pl\/baza-wiedzy\/publikacje-polskie\/"},{"@type":"ListItem","position":4,"name":"Kto ukrad\u0142 jutro?"}]},{"@type":"WebSite","@id":"https:\/\/www.humanizacjamedycyny.pl\/#website","url":"https:\/\/www.humanizacjamedycyny.pl\/","name":"Humanisation of medicine","description":"A deficit in medicine in Poland is still the exploitation of the potential of the humanities.","potentialAction":[{"@type":"SearchAction","target":{"@type":"EntryPoint","urlTemplate":"https:\/\/www.humanizacjamedycyny.pl\/?s={search_term_string}"},"query-input":{"@type":"PropertyValueSpecification","valueRequired":true,"valueName":"search_term_string"}}],"inLanguage":"en-GB"},{"@type":"Person","@id":"https:\/\/www.humanizacjamedycyny.pl\/#\/schema\/person\/1963541e246d34db3802362a26b6190b","name":"webprev","image":{"@type":"ImageObject","inLanguage":"en-GB","@id":"https:\/\/secure.gravatar.com\/avatar\/580dc211148900de6ad27cd8c35051d57b181020dae89fc9a0e73513a5d50147?s=96&d=mm&r=g","url":"https:\/\/secure.gravatar.com\/avatar\/580dc211148900de6ad27cd8c35051d57b181020dae89fc9a0e73513a5d50147?s=96&d=mm&r=g","contentUrl":"https:\/\/secure.gravatar.com\/avatar\/580dc211148900de6ad27cd8c35051d57b181020dae89fc9a0e73513a5d50147?s=96&d=mm&r=g","caption":"webprev"}}]}},"_links":{"self":[{"href":"https:\/\/www.humanizacjamedycyny.pl\/en\/wp-json\/wp\/v2\/posts\/3267","targetHints":{"allow":["GET"]}}],"collection":[{"href":"https:\/\/www.humanizacjamedycyny.pl\/en\/wp-json\/wp\/v2\/posts"}],"about":[{"href":"https:\/\/www.humanizacjamedycyny.pl\/en\/wp-json\/wp\/v2\/types\/post"}],"author":[{"embeddable":true,"href":"https:\/\/www.humanizacjamedycyny.pl\/en\/wp-json\/wp\/v2\/users\/5"}],"replies":[{"embeddable":true,"href":"https:\/\/www.humanizacjamedycyny.pl\/en\/wp-json\/wp\/v2\/comments?post=3267"}],"version-history":[{"count":1,"href":"https:\/\/www.humanizacjamedycyny.pl\/en\/wp-json\/wp\/v2\/posts\/3267\/revisions"}],"predecessor-version":[{"id":3269,"href":"https:\/\/www.humanizacjamedycyny.pl\/en\/wp-json\/wp\/v2\/posts\/3267\/revisions\/3269"}],"wp:attachment":[{"href":"https:\/\/www.humanizacjamedycyny.pl\/en\/wp-json\/wp\/v2\/media?parent=3267"}],"wp:term":[{"taxonomy":"category","embeddable":true,"href":"https:\/\/www.humanizacjamedycyny.pl\/en\/wp-json\/wp\/v2\/categories?post=3267"},{"taxonomy":"post_tag","embeddable":true,"href":"https:\/\/www.humanizacjamedycyny.pl\/en\/wp-json\/wp\/v2\/tags?post=3267"}],"curies":[{"name":"wp","href":"https:\/\/api.w.org\/{rel}","templated":true}]}}