{"id":3109,"date":"2022-12-15T17:29:23","date_gmt":"2022-12-15T16:29:23","guid":{"rendered":"https:\/\/humanizacjamedycyny.webprev.net\/?p=3109"},"modified":"2022-12-15T17:29:25","modified_gmt":"2022-12-15T16:29:25","slug":"humanisation-when-covid","status":"publish","type":"post","link":"https:\/\/www.humanizacjamedycyny.pl\/en\/3109\/humanizacja-w-czasach-covid\/","title":{"rendered":"Humanisation in a time of covid"},"content":{"rendered":"<p>Tysi\u0105c-Mi\u015bta, M., &amp; Dziedzic, A. (2020). The Attitudes and Professional Approaches of Dental Practitioners during the COVID-19 Outbreak in Poland: A Cross-Sectional Survey. International journal of environmental research and public health, 17(13), 4703.<\/p>\n\n\n\n<p><strong>(COVID)<\/strong><strong><\/strong><\/p>\n\n\n\n<p><a href=\"https:\/\/www.ncbi.nlm.nih.gov\/pmc\/articles\/PMC7370196\/#B43-ijerph-17-04703\">https:\/\/www.ncbi.nlm.nih.gov\/pmc\/articles\/PMC7370196\/#B43-ijerph-17-04703<\/a><\/p>\n\n\n\n<p>Due to the lack of preparedness of the dental sector, both public and private, the vast majority of Polish dentists decided to voluntarily suspend their clinical practice. The COVID-19 pandemic revealed numerous shortcomings in the dental care system, especially in terms of inadequate coordination of pandemic-related services and a general shortage of advanced PPE. As a direct result of the pervasive fear, confusion and anxiety among dental staff, which was reinforced by COVID-19, clinical practice in Poland was significantly reduced. The sudden decrease in the number of dental procedures performed and the introduction of new infection control protocols caused financial problems in many dental practices.<\/p>\n\n\n\n<p>Villages from the study<\/p>\n\n\n\n<p>Zarzecka, J., Zarzecka-Francica, E., Gala, A., G\u0119bczy\u0144ski, K., Pihut, M. (2021). Dental environmental stress during the COVID-19 pandemic at the Jagiellonian University Medical College, Krak\u00f3w, Poland. International Journal of Occupational Medicine and Environmental Health.<\/p>\n\n\n\n<p><strong>(COVID)<\/strong><strong><\/strong><\/p>\n\n\n\n<p><a href=\"http:\/\/ijomeh.eu\/Dental-environmental-stress-during-the-COVID-19-pandemic-at-the-Jagiellonian-University%2C132507%2C0%2C2.html\">http:\/\/ijomeh.eu\/Dental-environmental-stress-during-the-COVID-19-pandemic-at-the-<\/a> <a href=\"http:\/\/ijomeh.eu\/Dental-environmental-stress-during-the-COVID-19-pandemic-at-the-Jagiellonian-University%2C132507%2C0%2C2.html\">Jagiellonian-University,132507,0,2.html<\/a><\/p>\n\n\n\n<p>Dental students were stressed by the conflict between the perceived risk of returning to clinical classes and contact with patients due to SARS-CoV-2, and the negatively perceived disruption to their clinical education.<\/p>\n\n\n\n<p>Conclusions of the study<\/p>\n\n\n\n<p>Nowicki, G. J., \u015alusarska, B., Tucholska, K., et al. (2020). The Severity of Traumatic Stress Associated with COVID-19 Pandemic, Perception of Support, Sense of Security, and Sense of Meaning in Life among Nurses: Research Protocol and Preliminary Results from Poland. International journal of environmental research and public health, 17(18), 6491.<\/p>\n\n\n\n<p><strong>(COVID)<\/strong><strong><\/strong><\/p>\n\n\n\n<p><a href=\"https:\/\/www.ncbi.nlm.nih.gov\/pmc\/articles\/PMC7559728\/#app1-ijerph-17-06491\">https:\/\/www.ncbi.nlm.nih.gov\/pmc\/articles\/PMC7559728\/#app1-ijerph-17-06491<\/a><\/p>\n\n\n\n<p>Preliminary results from a study conducted during a period of heightened psychological pressure related to the COVID-19 pandemic indicate that post-traumatic stress symptoms are present in the study group of nurses. Their sense of security is reduced; they are accompanied by intense reflection on the issues affecting them.... The nurses surveyed perceive particular support from the so-called \"other person\" (other than family and friends). They look for positive changes resulting from the painful experience of the COVID-19 pandemic, which may bear the signs of adaptation.<\/p>\n\n\n\n<p>Conclusions of the study<\/p>\n\n\n\n<p>Ilczak, T., Rak, M., \u0106wiertnia, M.,et al. (2020). Predictors of stress among emergency medical personnel during the COVID-19 pandemic. International Journal of Occupational Medicine and Environmental Health.<\/p>\n\n\n\n<p><strong>(COVID)<\/strong><strong><\/strong><\/p>\n\n\n\n<p><a href=\"http:\/\/ijomeh.eu\/Predictors-of-Stress-Among-Emergency-Medical-Service-Personnel-During-the-COVID-19%2C128640%2C0%2C2.html\">http:\/\/ijomeh.eu\/Predictors-of-Stress-Among-Emergency-Medical-Service-Personnel-During-<\/a> <a href=\"http:\/\/ijomeh.eu\/Predictors-of-Stress-Among-Emergency-Medical-Service-Personnel-During-the-COVID-19%2C128640%2C0%2C2.html\">the-COVID-19,128640,0,2.html<\/a><\/p>\n\n\n\n<p>Factors that can be considered predictors of occupational stress include fear of contracting COVID-19, decreased safety during emergency medical procedures and marginalisation of non-COVID- 19 patients.<\/p>\n\n\n\n<p>Conclusions of the study<\/p>\n\n\n\n<p><\/p>","protected":false},"excerpt":{"rendered":"<p>Tysi\u0105c-Mi\u015bta, M., &amp; Dziedzic, A. (2020). The Attitudes and Professional Approaches of Dental Practitioners during the COVID-19 Outbreak in Poland: A Cross-Sectional Survey. International journal of environmental research and public health, 17(13), 4703. (COVID) https:\/\/www.ncbi.nlm.nih.gov\/pmc\/articles\/PMC7370196\/#B43-ijerph-17-04703 Ze wzgl\u0119du na brak przygotowania sektora stomatologicznego, zar\u00f3wno publicznego, jak i prywatnego, zdecydowana wi\u0119kszo\u015b\u0107 polskich stomatolog\u00f3w zdecydowa\u0142a si\u0119 na dobrowolne [&hellip;]<\/p>\n","protected":false},"author":5,"featured_media":0,"comment_status":"closed","ping_status":"closed","sticky":false,"template":"","format":"standard","meta":{"_et_pb_use_builder":"off","_et_pb_old_content":"","_et_gb_content_width":"","inline_featured_image":false,"footnotes":""},"categories":[32],"tags":[],"class_list":["post-3109","post","type-post","status-publish","format-standard","hentry","category-publikacje-polskie"],"yoast_head":"<!-- This site is optimized with the Yoast SEO plugin v27.5 - https:\/\/yoast.com\/product\/yoast-seo-wordpress\/ -->\n<title>Humanizacja w czasach covid - Humanizacja medycyny<\/title>\n<meta name=\"robots\" content=\"index, follow, max-snippet:-1, max-image-preview:large, max-video-preview:-1\" \/>\n<link rel=\"canonical\" href=\"https:\/\/www.humanizacjamedycyny.pl\/en\/3109\/humanisation-when-covid\/\" \/>\n<meta property=\"og:locale\" content=\"en_GB\" \/>\n<meta property=\"og:type\" content=\"article\" \/>\n<meta property=\"og:title\" content=\"Humanizacja w czasach covid - Humanizacja medycyny\" \/>\n<meta property=\"og:description\" content=\"Tysi\u0105c-Mi\u015bta, M., &amp; Dziedzic, A. (2020). The Attitudes and Professional Approaches of Dental Practitioners during the COVID-19 Outbreak in Poland: A Cross-Sectional Survey. International journal of environmental research and public health, 17(13), 4703. (COVID) https:\/\/www.ncbi.nlm.nih.gov\/pmc\/articles\/PMC7370196\/#B43-ijerph-17-04703 Ze wzgl\u0119du na brak przygotowania sektora stomatologicznego, zar\u00f3wno publicznego, jak i prywatnego, zdecydowana wi\u0119kszo\u015b\u0107 polskich stomatolog\u00f3w zdecydowa\u0142a si\u0119 na dobrowolne [&hellip;]\" \/>\n<meta property=\"og:url\" content=\"https:\/\/www.humanizacjamedycyny.pl\/en\/3109\/humanisation-when-covid\/\" \/>\n<meta property=\"og:site_name\" content=\"Humanizacja medycyny\" \/>\n<meta property=\"article:publisher\" content=\"https:\/\/www.facebook.com\/humanizacjamedycyny\" \/>\n<meta property=\"article:published_time\" content=\"2022-12-15T16:29:23+00:00\" \/>\n<meta property=\"article:modified_time\" content=\"2022-12-15T16:29:25+00:00\" \/>\n<meta property=\"og:image\" content=\"https:\/\/www.humanizacjamedycyny.pl\/wp-content\/uploads\/2022\/12\/og-image.jpg\" \/>\n\t<meta property=\"og:image:width\" content=\"1200\" \/>\n\t<meta property=\"og:image:height\" content=\"627\" \/>\n\t<meta property=\"og:image:type\" content=\"image\/jpeg\" \/>\n<meta name=\"author\" content=\"webprev\" \/>\n<meta name=\"twitter:card\" content=\"summary_large_image\" \/>\n<script type=\"application\/ld+json\" class=\"yoast-schema-graph\">{\"@context\":\"https:\\\/\\\/schema.org\",\"@graph\":[{\"@type\":\"Article\",\"@id\":\"https:\\\/\\\/www.humanizacjamedycyny.pl\\\/3109\\\/humanizacja-w-czasach-covid\\\/#article\",\"isPartOf\":{\"@id\":\"https:\\\/\\\/www.humanizacjamedycyny.pl\\\/3109\\\/humanizacja-w-czasach-covid\\\/\"},\"author\":{\"name\":\"webprev\",\"@id\":\"https:\\\/\\\/www.humanizacjamedycyny.pl\\\/#\\\/schema\\\/person\\\/1963541e246d34db3802362a26b6190b\"},\"headline\":\"Humanizacja w czasach covid\",\"datePublished\":\"2022-12-15T16:29:23+00:00\",\"dateModified\":\"2022-12-15T16:29:25+00:00\",\"mainEntityOfPage\":{\"@id\":\"https:\\\/\\\/www.humanizacjamedycyny.pl\\\/3109\\\/humanizacja-w-czasach-covid\\\/\"},\"wordCount\":473,\"articleSection\":[\"Publikacje polskie\"],\"inLanguage\":\"en-GB\"},{\"@type\":\"WebPage\",\"@id\":\"https:\\\/\\\/www.humanizacjamedycyny.pl\\\/3109\\\/humanizacja-w-czasach-covid\\\/\",\"url\":\"https:\\\/\\\/www.humanizacjamedycyny.pl\\\/3109\\\/humanizacja-w-czasach-covid\\\/\",\"name\":\"Humanizacja w czasach covid - Humanizacja medycyny\",\"isPartOf\":{\"@id\":\"https:\\\/\\\/www.humanizacjamedycyny.pl\\\/#website\"},\"datePublished\":\"2022-12-15T16:29:23+00:00\",\"dateModified\":\"2022-12-15T16:29:25+00:00\",\"author\":{\"@id\":\"https:\\\/\\\/www.humanizacjamedycyny.pl\\\/#\\\/schema\\\/person\\\/1963541e246d34db3802362a26b6190b\"},\"breadcrumb\":{\"@id\":\"https:\\\/\\\/www.humanizacjamedycyny.pl\\\/3109\\\/humanizacja-w-czasach-covid\\\/#breadcrumb\"},\"inLanguage\":\"en-GB\",\"potentialAction\":[{\"@type\":\"ReadAction\",\"target\":[\"https:\\\/\\\/www.humanizacjamedycyny.pl\\\/3109\\\/humanizacja-w-czasach-covid\\\/\"]}]},{\"@type\":\"BreadcrumbList\",\"@id\":\"https:\\\/\\\/www.humanizacjamedycyny.pl\\\/3109\\\/humanizacja-w-czasach-covid\\\/#breadcrumb\",\"itemListElement\":[{\"@type\":\"ListItem\",\"position\":1,\"name\":\"Strona g\u0142\u00f3wna\",\"item\":\"https:\\\/\\\/www.humanizacjamedycyny.pl\\\/\"},{\"@type\":\"ListItem\",\"position\":2,\"name\":\"Publikacje\",\"item\":\"https:\\\/\\\/www.humanizacjamedycyny.pl\\\/kategoria\\\/publikacje\\\/\"},{\"@type\":\"ListItem\",\"position\":3,\"name\":\"Publikacje polskie\",\"item\":\"https:\\\/\\\/www.humanizacjamedycyny.pl\\\/baza-wiedzy\\\/publikacje-polskie\\\/\"},{\"@type\":\"ListItem\",\"position\":4,\"name\":\"Humanizacja w czasach covid\"}]},{\"@type\":\"WebSite\",\"@id\":\"https:\\\/\\\/www.humanizacjamedycyny.pl\\\/#website\",\"url\":\"https:\\\/\\\/www.humanizacjamedycyny.pl\\\/\",\"name\":\"Humanizacja medycyny\",\"description\":\"Deficytem w medycynie w Polsce nadal pozostaje wykorzystanie potencja\u0142u nauk humanistycznych.\",\"potentialAction\":[{\"@type\":\"SearchAction\",\"target\":{\"@type\":\"EntryPoint\",\"urlTemplate\":\"https:\\\/\\\/www.humanizacjamedycyny.pl\\\/?s={search_term_string}\"},\"query-input\":{\"@type\":\"PropertyValueSpecification\",\"valueRequired\":true,\"valueName\":\"search_term_string\"}}],\"inLanguage\":\"en-GB\"},{\"@type\":\"Person\",\"@id\":\"https:\\\/\\\/www.humanizacjamedycyny.pl\\\/#\\\/schema\\\/person\\\/1963541e246d34db3802362a26b6190b\",\"name\":\"webprev\",\"image\":{\"@type\":\"ImageObject\",\"inLanguage\":\"en-GB\",\"@id\":\"https:\\\/\\\/secure.gravatar.com\\\/avatar\\\/580dc211148900de6ad27cd8c35051d57b181020dae89fc9a0e73513a5d50147?s=96&d=mm&r=g\",\"url\":\"https:\\\/\\\/secure.gravatar.com\\\/avatar\\\/580dc211148900de6ad27cd8c35051d57b181020dae89fc9a0e73513a5d50147?s=96&d=mm&r=g\",\"contentUrl\":\"https:\\\/\\\/secure.gravatar.com\\\/avatar\\\/580dc211148900de6ad27cd8c35051d57b181020dae89fc9a0e73513a5d50147?s=96&d=mm&r=g\",\"caption\":\"webprev\"}}]}<\/script>\n<!-- \/ Yoast SEO plugin. -->","yoast_head_json":{"title":"Humanisation in the age of covid - Humanising medicine","robots":{"index":"index","follow":"follow","max-snippet":"max-snippet:-1","max-image-preview":"max-image-preview:large","max-video-preview":"max-video-preview:-1"},"canonical":"https:\/\/www.humanizacjamedycyny.pl\/en\/3109\/humanisation-when-covid\/","og_locale":"en_GB","og_type":"article","og_title":"Humanizacja w czasach covid - Humanizacja medycyny","og_description":"Tysi\u0105c-Mi\u015bta, M., &amp; Dziedzic, A. (2020). The Attitudes and Professional Approaches of Dental Practitioners during the COVID-19 Outbreak in Poland: A Cross-Sectional Survey. International journal of environmental research and public health, 17(13), 4703. (COVID) https:\/\/www.ncbi.nlm.nih.gov\/pmc\/articles\/PMC7370196\/#B43-ijerph-17-04703 Ze wzgl\u0119du na brak przygotowania sektora stomatologicznego, zar\u00f3wno publicznego, jak i prywatnego, zdecydowana wi\u0119kszo\u015b\u0107 polskich stomatolog\u00f3w zdecydowa\u0142a si\u0119 na dobrowolne [&hellip;]","og_url":"https:\/\/www.humanizacjamedycyny.pl\/en\/3109\/humanisation-when-covid\/","og_site_name":"Humanizacja medycyny","article_publisher":"https:\/\/www.facebook.com\/humanizacjamedycyny","article_published_time":"2022-12-15T16:29:23+00:00","article_modified_time":"2022-12-15T16:29:25+00:00","og_image":[{"width":1200,"height":627,"url":"https:\/\/www.humanizacjamedycyny.pl\/wp-content\/uploads\/2022\/12\/og-image.jpg","type":"image\/jpeg"}],"author":"webprev","twitter_card":"summary_large_image","schema":{"@context":"https:\/\/schema.org","@graph":[{"@type":"Article","@id":"https:\/\/www.humanizacjamedycyny.pl\/3109\/humanizacja-w-czasach-covid\/#article","isPartOf":{"@id":"https:\/\/www.humanizacjamedycyny.pl\/3109\/humanizacja-w-czasach-covid\/"},"author":{"name":"webprev","@id":"https:\/\/www.humanizacjamedycyny.pl\/#\/schema\/person\/1963541e246d34db3802362a26b6190b"},"headline":"Humanizacja w czasach covid","datePublished":"2022-12-15T16:29:23+00:00","dateModified":"2022-12-15T16:29:25+00:00","mainEntityOfPage":{"@id":"https:\/\/www.humanizacjamedycyny.pl\/3109\/humanizacja-w-czasach-covid\/"},"wordCount":473,"articleSection":["Publikacje polskie"],"inLanguage":"en-GB"},{"@type":"WebPage","@id":"https:\/\/www.humanizacjamedycyny.pl\/3109\/humanizacja-w-czasach-covid\/","url":"https:\/\/www.humanizacjamedycyny.pl\/3109\/humanizacja-w-czasach-covid\/","name":"Humanisation in the age of covid - Humanising medicine","isPartOf":{"@id":"https:\/\/www.humanizacjamedycyny.pl\/#website"},"datePublished":"2022-12-15T16:29:23+00:00","dateModified":"2022-12-15T16:29:25+00:00","author":{"@id":"https:\/\/www.humanizacjamedycyny.pl\/#\/schema\/person\/1963541e246d34db3802362a26b6190b"},"breadcrumb":{"@id":"https:\/\/www.humanizacjamedycyny.pl\/3109\/humanizacja-w-czasach-covid\/#breadcrumb"},"inLanguage":"en-GB","potentialAction":[{"@type":"ReadAction","target":["https:\/\/www.humanizacjamedycyny.pl\/3109\/humanizacja-w-czasach-covid\/"]}]},{"@type":"BreadcrumbList","@id":"https:\/\/www.humanizacjamedycyny.pl\/3109\/humanizacja-w-czasach-covid\/#breadcrumb","itemListElement":[{"@type":"ListItem","position":1,"name":"Strona g\u0142\u00f3wna","item":"https:\/\/www.humanizacjamedycyny.pl\/"},{"@type":"ListItem","position":2,"name":"Publikacje","item":"https:\/\/www.humanizacjamedycyny.pl\/kategoria\/publikacje\/"},{"@type":"ListItem","position":3,"name":"Publikacje polskie","item":"https:\/\/www.humanizacjamedycyny.pl\/baza-wiedzy\/publikacje-polskie\/"},{"@type":"ListItem","position":4,"name":"Humanizacja w czasach covid"}]},{"@type":"WebSite","@id":"https:\/\/www.humanizacjamedycyny.pl\/#website","url":"https:\/\/www.humanizacjamedycyny.pl\/","name":"Humanisation of medicine","description":"A deficit in medicine in Poland is still the exploitation of the potential of the humanities.","potentialAction":[{"@type":"SearchAction","target":{"@type":"EntryPoint","urlTemplate":"https:\/\/www.humanizacjamedycyny.pl\/?s={search_term_string}"},"query-input":{"@type":"PropertyValueSpecification","valueRequired":true,"valueName":"search_term_string"}}],"inLanguage":"en-GB"},{"@type":"Person","@id":"https:\/\/www.humanizacjamedycyny.pl\/#\/schema\/person\/1963541e246d34db3802362a26b6190b","name":"webprev","image":{"@type":"ImageObject","inLanguage":"en-GB","@id":"https:\/\/secure.gravatar.com\/avatar\/580dc211148900de6ad27cd8c35051d57b181020dae89fc9a0e73513a5d50147?s=96&d=mm&r=g","url":"https:\/\/secure.gravatar.com\/avatar\/580dc211148900de6ad27cd8c35051d57b181020dae89fc9a0e73513a5d50147?s=96&d=mm&r=g","contentUrl":"https:\/\/secure.gravatar.com\/avatar\/580dc211148900de6ad27cd8c35051d57b181020dae89fc9a0e73513a5d50147?s=96&d=mm&r=g","caption":"webprev"}}]}},"_links":{"self":[{"href":"https:\/\/www.humanizacjamedycyny.pl\/en\/wp-json\/wp\/v2\/posts\/3109","targetHints":{"allow":["GET"]}}],"collection":[{"href":"https:\/\/www.humanizacjamedycyny.pl\/en\/wp-json\/wp\/v2\/posts"}],"about":[{"href":"https:\/\/www.humanizacjamedycyny.pl\/en\/wp-json\/wp\/v2\/types\/post"}],"author":[{"embeddable":true,"href":"https:\/\/www.humanizacjamedycyny.pl\/en\/wp-json\/wp\/v2\/users\/5"}],"replies":[{"embeddable":true,"href":"https:\/\/www.humanizacjamedycyny.pl\/en\/wp-json\/wp\/v2\/comments?post=3109"}],"version-history":[{"count":1,"href":"https:\/\/www.humanizacjamedycyny.pl\/en\/wp-json\/wp\/v2\/posts\/3109\/revisions"}],"predecessor-version":[{"id":3111,"href":"https:\/\/www.humanizacjamedycyny.pl\/en\/wp-json\/wp\/v2\/posts\/3109\/revisions\/3111"}],"wp:attachment":[{"href":"https:\/\/www.humanizacjamedycyny.pl\/en\/wp-json\/wp\/v2\/media?parent=3109"}],"wp:term":[{"taxonomy":"category","embeddable":true,"href":"https:\/\/www.humanizacjamedycyny.pl\/en\/wp-json\/wp\/v2\/categories?post=3109"},{"taxonomy":"post_tag","embeddable":true,"href":"https:\/\/www.humanizacjamedycyny.pl\/en\/wp-json\/wp\/v2\/tags?post=3109"}],"curies":[{"name":"wp","href":"https:\/\/api.w.org\/{rel}","templated":true}]}}