{"id":2509,"date":"2022-12-14T11:50:47","date_gmt":"2022-12-14T10:50:47","guid":{"rendered":"https:\/\/humanizacjamedycyny.webprev.net\/?p=2509"},"modified":"2022-12-14T11:50:49","modified_gmt":"2022-12-14T10:50:49","slug":"bioethics-and-european-law","status":"publish","type":"post","link":"https:\/\/www.humanizacjamedycyny.pl\/en\/2509\/bioetyka-i-prawo-europejskie\/","title":{"rendered":"Bioethics and European law"},"content":{"rendered":"<p>Biotechnological experiments on 'human material'1 are therefore associated with particular socio-cultural, legal, scientific and religious responsibilities, since they potentially awaken a logic of self-referential creation that can lead to the exclusion of any other methodology, alien to its 'objective' purposes. It is important to remember that many of the difficulties faced by researchers are ethical in nature. There is an emerging need for a discussion, including in the field of law, that can work out the limits of experimental research and impose an obligation to give up and understand the imperfections of the ontological capacities of human beings.<\/p>","protected":false},"excerpt":{"rendered":"<p>Do\u015bwiadczenia biotechnologiczne na \u201emateriale ludzkim\u201d1 \u0142\u0105czy si\u0119 wi\u0119c ze szczeg\u00f3ln\u0105 odpowiedzialno\u015bci\u0105 spo\u0142eczno-kulturaln\u0105, prawn\u0105, naukow\u0105 i religijn\u0105, poniewa\u017c potencjalnie rozbudzaj\u0105 one logik\u0119 tworzenia sobie autoreferencji, kt\u00f3re mog\u0105 prowadzi\u0107 do wykluczania jakiejkolwiek innej metodologii, obcej jej \u201eobiektywnym\u201d celom. Nale\u017cy pami\u0119ta\u0107, \u017ce wiele trudno\u015bci, z kt\u00f3rymi spotykaj\u0105 si\u0119 badacze, ma charakter etyczny. Pojawia si\u0119 potrzeba prowadzenia dyskusji, r\u00f3wnie\u017c [&hellip;]<\/p>\n","protected":false},"author":5,"featured_media":0,"comment_status":"closed","ping_status":"closed","sticky":false,"template":"","format":"standard","meta":{"_et_pb_use_builder":"off","_et_pb_old_content":"","_et_gb_content_width":"","inline_featured_image":false,"footnotes":""},"categories":[32],"tags":[],"class_list":["post-2509","post","type-post","status-publish","format-standard","hentry","category-publikacje-polskie"],"yoast_head":"<!-- This site is optimized with the Yoast SEO plugin v27.5 - https:\/\/yoast.com\/product\/yoast-seo-wordpress\/ -->\n<title>Bioetyka i prawo europejskie - Humanizacja medycyny<\/title>\n<meta name=\"robots\" content=\"index, follow, max-snippet:-1, max-image-preview:large, max-video-preview:-1\" \/>\n<link rel=\"canonical\" href=\"https:\/\/www.humanizacjamedycyny.pl\/en\/2509\/bioethics-and-european-law\/\" \/>\n<meta property=\"og:locale\" content=\"en_GB\" \/>\n<meta property=\"og:type\" content=\"article\" \/>\n<meta property=\"og:title\" content=\"Bioetyka i prawo europejskie - Humanizacja medycyny\" \/>\n<meta property=\"og:description\" content=\"Do\u015bwiadczenia biotechnologiczne na \u201emateriale ludzkim\u201d1 \u0142\u0105czy si\u0119 wi\u0119c ze szczeg\u00f3ln\u0105 odpowiedzialno\u015bci\u0105 spo\u0142eczno-kulturaln\u0105, prawn\u0105, naukow\u0105 i religijn\u0105, poniewa\u017c potencjalnie rozbudzaj\u0105 one logik\u0119 tworzenia sobie autoreferencji, kt\u00f3re mog\u0105 prowadzi\u0107 do wykluczania jakiejkolwiek innej metodologii, obcej jej \u201eobiektywnym\u201d celom. Nale\u017cy pami\u0119ta\u0107, \u017ce wiele trudno\u015bci, z kt\u00f3rymi spotykaj\u0105 si\u0119 badacze, ma charakter etyczny. Pojawia si\u0119 potrzeba prowadzenia dyskusji, r\u00f3wnie\u017c [&hellip;]\" \/>\n<meta property=\"og:url\" content=\"https:\/\/www.humanizacjamedycyny.pl\/en\/2509\/bioethics-and-european-law\/\" \/>\n<meta property=\"og:site_name\" content=\"Humanizacja medycyny\" \/>\n<meta property=\"article:publisher\" content=\"https:\/\/www.facebook.com\/humanizacjamedycyny\" \/>\n<meta property=\"article:published_time\" content=\"2022-12-14T10:50:47+00:00\" \/>\n<meta property=\"article:modified_time\" content=\"2022-12-14T10:50:49+00:00\" \/>\n<meta property=\"og:image\" content=\"https:\/\/www.humanizacjamedycyny.pl\/wp-content\/uploads\/2022\/12\/og-image.jpg\" \/>\n\t<meta property=\"og:image:width\" content=\"1200\" \/>\n\t<meta property=\"og:image:height\" content=\"627\" \/>\n\t<meta property=\"og:image:type\" content=\"image\/jpeg\" \/>\n<meta name=\"author\" content=\"webprev\" \/>\n<meta name=\"twitter:card\" content=\"summary_large_image\" \/>\n<script type=\"application\/ld+json\" class=\"yoast-schema-graph\">{\"@context\":\"https:\\\/\\\/schema.org\",\"@graph\":[{\"@type\":\"Article\",\"@id\":\"https:\\\/\\\/www.humanizacjamedycyny.pl\\\/2509\\\/bioetyka-i-prawo-europejskie\\\/#article\",\"isPartOf\":{\"@id\":\"https:\\\/\\\/www.humanizacjamedycyny.pl\\\/2509\\\/bioetyka-i-prawo-europejskie\\\/\"},\"author\":{\"name\":\"webprev\",\"@id\":\"https:\\\/\\\/www.humanizacjamedycyny.pl\\\/#\\\/schema\\\/person\\\/1963541e246d34db3802362a26b6190b\"},\"headline\":\"Bioetyka i prawo europejskie\",\"datePublished\":\"2022-12-14T10:50:47+00:00\",\"dateModified\":\"2022-12-14T10:50:49+00:00\",\"mainEntityOfPage\":{\"@id\":\"https:\\\/\\\/www.humanizacjamedycyny.pl\\\/2509\\\/bioetyka-i-prawo-europejskie\\\/\"},\"wordCount\":95,\"articleSection\":[\"Publikacje polskie\"],\"inLanguage\":\"en-GB\"},{\"@type\":\"WebPage\",\"@id\":\"https:\\\/\\\/www.humanizacjamedycyny.pl\\\/2509\\\/bioetyka-i-prawo-europejskie\\\/\",\"url\":\"https:\\\/\\\/www.humanizacjamedycyny.pl\\\/2509\\\/bioetyka-i-prawo-europejskie\\\/\",\"name\":\"Bioetyka i prawo europejskie - Humanizacja medycyny\",\"isPartOf\":{\"@id\":\"https:\\\/\\\/www.humanizacjamedycyny.pl\\\/#website\"},\"datePublished\":\"2022-12-14T10:50:47+00:00\",\"dateModified\":\"2022-12-14T10:50:49+00:00\",\"author\":{\"@id\":\"https:\\\/\\\/www.humanizacjamedycyny.pl\\\/#\\\/schema\\\/person\\\/1963541e246d34db3802362a26b6190b\"},\"breadcrumb\":{\"@id\":\"https:\\\/\\\/www.humanizacjamedycyny.pl\\\/2509\\\/bioetyka-i-prawo-europejskie\\\/#breadcrumb\"},\"inLanguage\":\"en-GB\",\"potentialAction\":[{\"@type\":\"ReadAction\",\"target\":[\"https:\\\/\\\/www.humanizacjamedycyny.pl\\\/2509\\\/bioetyka-i-prawo-europejskie\\\/\"]}]},{\"@type\":\"BreadcrumbList\",\"@id\":\"https:\\\/\\\/www.humanizacjamedycyny.pl\\\/2509\\\/bioetyka-i-prawo-europejskie\\\/#breadcrumb\",\"itemListElement\":[{\"@type\":\"ListItem\",\"position\":1,\"name\":\"Strona g\u0142\u00f3wna\",\"item\":\"https:\\\/\\\/www.humanizacjamedycyny.pl\\\/\"},{\"@type\":\"ListItem\",\"position\":2,\"name\":\"Publikacje\",\"item\":\"https:\\\/\\\/www.humanizacjamedycyny.pl\\\/kategoria\\\/publikacje\\\/\"},{\"@type\":\"ListItem\",\"position\":3,\"name\":\"Publikacje polskie\",\"item\":\"https:\\\/\\\/www.humanizacjamedycyny.pl\\\/baza-wiedzy\\\/publikacje-polskie\\\/\"},{\"@type\":\"ListItem\",\"position\":4,\"name\":\"Bioetyka i prawo europejskie\"}]},{\"@type\":\"WebSite\",\"@id\":\"https:\\\/\\\/www.humanizacjamedycyny.pl\\\/#website\",\"url\":\"https:\\\/\\\/www.humanizacjamedycyny.pl\\\/\",\"name\":\"Humanizacja medycyny\",\"description\":\"Deficytem w medycynie w Polsce nadal pozostaje wykorzystanie potencja\u0142u nauk humanistycznych.\",\"potentialAction\":[{\"@type\":\"SearchAction\",\"target\":{\"@type\":\"EntryPoint\",\"urlTemplate\":\"https:\\\/\\\/www.humanizacjamedycyny.pl\\\/?s={search_term_string}\"},\"query-input\":{\"@type\":\"PropertyValueSpecification\",\"valueRequired\":true,\"valueName\":\"search_term_string\"}}],\"inLanguage\":\"en-GB\"},{\"@type\":\"Person\",\"@id\":\"https:\\\/\\\/www.humanizacjamedycyny.pl\\\/#\\\/schema\\\/person\\\/1963541e246d34db3802362a26b6190b\",\"name\":\"webprev\",\"image\":{\"@type\":\"ImageObject\",\"inLanguage\":\"en-GB\",\"@id\":\"https:\\\/\\\/secure.gravatar.com\\\/avatar\\\/580dc211148900de6ad27cd8c35051d57b181020dae89fc9a0e73513a5d50147?s=96&d=mm&r=g\",\"url\":\"https:\\\/\\\/secure.gravatar.com\\\/avatar\\\/580dc211148900de6ad27cd8c35051d57b181020dae89fc9a0e73513a5d50147?s=96&d=mm&r=g\",\"contentUrl\":\"https:\\\/\\\/secure.gravatar.com\\\/avatar\\\/580dc211148900de6ad27cd8c35051d57b181020dae89fc9a0e73513a5d50147?s=96&d=mm&r=g\",\"caption\":\"webprev\"}}]}<\/script>\n<!-- \/ Yoast SEO plugin. -->","yoast_head_json":{"title":"Bioethics and European law - Humanisation of medicine","robots":{"index":"index","follow":"follow","max-snippet":"max-snippet:-1","max-image-preview":"max-image-preview:large","max-video-preview":"max-video-preview:-1"},"canonical":"https:\/\/www.humanizacjamedycyny.pl\/en\/2509\/bioethics-and-european-law\/","og_locale":"en_GB","og_type":"article","og_title":"Bioetyka i prawo europejskie - Humanizacja medycyny","og_description":"Do\u015bwiadczenia biotechnologiczne na \u201emateriale ludzkim\u201d1 \u0142\u0105czy si\u0119 wi\u0119c ze szczeg\u00f3ln\u0105 odpowiedzialno\u015bci\u0105 spo\u0142eczno-kulturaln\u0105, prawn\u0105, naukow\u0105 i religijn\u0105, poniewa\u017c potencjalnie rozbudzaj\u0105 one logik\u0119 tworzenia sobie autoreferencji, kt\u00f3re mog\u0105 prowadzi\u0107 do wykluczania jakiejkolwiek innej metodologii, obcej jej \u201eobiektywnym\u201d celom. Nale\u017cy pami\u0119ta\u0107, \u017ce wiele trudno\u015bci, z kt\u00f3rymi spotykaj\u0105 si\u0119 badacze, ma charakter etyczny. Pojawia si\u0119 potrzeba prowadzenia dyskusji, r\u00f3wnie\u017c [&hellip;]","og_url":"https:\/\/www.humanizacjamedycyny.pl\/en\/2509\/bioethics-and-european-law\/","og_site_name":"Humanizacja medycyny","article_publisher":"https:\/\/www.facebook.com\/humanizacjamedycyny","article_published_time":"2022-12-14T10:50:47+00:00","article_modified_time":"2022-12-14T10:50:49+00:00","og_image":[{"width":1200,"height":627,"url":"https:\/\/www.humanizacjamedycyny.pl\/wp-content\/uploads\/2022\/12\/og-image.jpg","type":"image\/jpeg"}],"author":"webprev","twitter_card":"summary_large_image","schema":{"@context":"https:\/\/schema.org","@graph":[{"@type":"Article","@id":"https:\/\/www.humanizacjamedycyny.pl\/2509\/bioetyka-i-prawo-europejskie\/#article","isPartOf":{"@id":"https:\/\/www.humanizacjamedycyny.pl\/2509\/bioetyka-i-prawo-europejskie\/"},"author":{"name":"webprev","@id":"https:\/\/www.humanizacjamedycyny.pl\/#\/schema\/person\/1963541e246d34db3802362a26b6190b"},"headline":"Bioetyka i prawo europejskie","datePublished":"2022-12-14T10:50:47+00:00","dateModified":"2022-12-14T10:50:49+00:00","mainEntityOfPage":{"@id":"https:\/\/www.humanizacjamedycyny.pl\/2509\/bioetyka-i-prawo-europejskie\/"},"wordCount":95,"articleSection":["Publikacje polskie"],"inLanguage":"en-GB"},{"@type":"WebPage","@id":"https:\/\/www.humanizacjamedycyny.pl\/2509\/bioetyka-i-prawo-europejskie\/","url":"https:\/\/www.humanizacjamedycyny.pl\/2509\/bioetyka-i-prawo-europejskie\/","name":"Bioethics and European law - Humanisation of medicine","isPartOf":{"@id":"https:\/\/www.humanizacjamedycyny.pl\/#website"},"datePublished":"2022-12-14T10:50:47+00:00","dateModified":"2022-12-14T10:50:49+00:00","author":{"@id":"https:\/\/www.humanizacjamedycyny.pl\/#\/schema\/person\/1963541e246d34db3802362a26b6190b"},"breadcrumb":{"@id":"https:\/\/www.humanizacjamedycyny.pl\/2509\/bioetyka-i-prawo-europejskie\/#breadcrumb"},"inLanguage":"en-GB","potentialAction":[{"@type":"ReadAction","target":["https:\/\/www.humanizacjamedycyny.pl\/2509\/bioetyka-i-prawo-europejskie\/"]}]},{"@type":"BreadcrumbList","@id":"https:\/\/www.humanizacjamedycyny.pl\/2509\/bioetyka-i-prawo-europejskie\/#breadcrumb","itemListElement":[{"@type":"ListItem","position":1,"name":"Strona g\u0142\u00f3wna","item":"https:\/\/www.humanizacjamedycyny.pl\/"},{"@type":"ListItem","position":2,"name":"Publikacje","item":"https:\/\/www.humanizacjamedycyny.pl\/kategoria\/publikacje\/"},{"@type":"ListItem","position":3,"name":"Publikacje polskie","item":"https:\/\/www.humanizacjamedycyny.pl\/baza-wiedzy\/publikacje-polskie\/"},{"@type":"ListItem","position":4,"name":"Bioetyka i prawo europejskie"}]},{"@type":"WebSite","@id":"https:\/\/www.humanizacjamedycyny.pl\/#website","url":"https:\/\/www.humanizacjamedycyny.pl\/","name":"Humanisation of medicine","description":"A deficit in medicine in Poland is still the exploitation of the potential of the humanities.","potentialAction":[{"@type":"SearchAction","target":{"@type":"EntryPoint","urlTemplate":"https:\/\/www.humanizacjamedycyny.pl\/?s={search_term_string}"},"query-input":{"@type":"PropertyValueSpecification","valueRequired":true,"valueName":"search_term_string"}}],"inLanguage":"en-GB"},{"@type":"Person","@id":"https:\/\/www.humanizacjamedycyny.pl\/#\/schema\/person\/1963541e246d34db3802362a26b6190b","name":"webprev","image":{"@type":"ImageObject","inLanguage":"en-GB","@id":"https:\/\/secure.gravatar.com\/avatar\/580dc211148900de6ad27cd8c35051d57b181020dae89fc9a0e73513a5d50147?s=96&d=mm&r=g","url":"https:\/\/secure.gravatar.com\/avatar\/580dc211148900de6ad27cd8c35051d57b181020dae89fc9a0e73513a5d50147?s=96&d=mm&r=g","contentUrl":"https:\/\/secure.gravatar.com\/avatar\/580dc211148900de6ad27cd8c35051d57b181020dae89fc9a0e73513a5d50147?s=96&d=mm&r=g","caption":"webprev"}}]}},"_links":{"self":[{"href":"https:\/\/www.humanizacjamedycyny.pl\/en\/wp-json\/wp\/v2\/posts\/2509","targetHints":{"allow":["GET"]}}],"collection":[{"href":"https:\/\/www.humanizacjamedycyny.pl\/en\/wp-json\/wp\/v2\/posts"}],"about":[{"href":"https:\/\/www.humanizacjamedycyny.pl\/en\/wp-json\/wp\/v2\/types\/post"}],"author":[{"embeddable":true,"href":"https:\/\/www.humanizacjamedycyny.pl\/en\/wp-json\/wp\/v2\/users\/5"}],"replies":[{"embeddable":true,"href":"https:\/\/www.humanizacjamedycyny.pl\/en\/wp-json\/wp\/v2\/comments?post=2509"}],"version-history":[{"count":1,"href":"https:\/\/www.humanizacjamedycyny.pl\/en\/wp-json\/wp\/v2\/posts\/2509\/revisions"}],"predecessor-version":[{"id":2511,"href":"https:\/\/www.humanizacjamedycyny.pl\/en\/wp-json\/wp\/v2\/posts\/2509\/revisions\/2511"}],"wp:attachment":[{"href":"https:\/\/www.humanizacjamedycyny.pl\/en\/wp-json\/wp\/v2\/media?parent=2509"}],"wp:term":[{"taxonomy":"category","embeddable":true,"href":"https:\/\/www.humanizacjamedycyny.pl\/en\/wp-json\/wp\/v2\/categories?post=2509"},{"taxonomy":"post_tag","embeddable":true,"href":"https:\/\/www.humanizacjamedycyny.pl\/en\/wp-json\/wp\/v2\/tags?post=2509"}],"curies":[{"name":"wp","href":"https:\/\/api.w.org\/{rel}","templated":true}]}}